{"id":8211,"date":"2023-02-09T14:34:08","date_gmt":"2023-02-09T13:34:08","guid":{"rendered":"https:\/\/visitbo.no\/eplefest\/?p=8211"},"modified":"2024-01-30T08:05:16","modified_gmt":"2024-01-30T07:05:16","slug":"samarbeid-lif-laga","status":"publish","type":"post","link":"https:\/\/visitbo.no\/eplefest\/samarbeid-lif-laga\/","title":{"rendered":"Samarbeidet med Lif Laga b\u00e6rer frukter \ud83c\udf4e"},"content":{"rendered":"<div class=\"x11i5rnm xat24cr x1mh8g0r x1vvkbs xdj266r x126k92a\">\n<div dir=\"auto\">\n<p><strong>I fjor h\u00f8st introduserte Norsk Eplefest og HANEN ungdommer fra Gvarv Skole med ungdommer fra Oslo i prosjektet <span class=\"xt0psk2\">L\u00edf Laga<\/span>. De plukka epler og presset eplemost under Dyrsku&#8217;n og solgte under marknaden p\u00e5 Eplefesten.<\/strong><\/p>\n<\/div>\n<\/div>\n<div class=\"x11i5rnm xat24cr x1mh8g0r x1vvkbs xtlvy1s x126k92a\">\n<div dir=\"auto\">V\u00e5rt \u00f8nske er at ungdom i kommunen, gjennom egne erfaringer, skal se hvilken verdi fruktn\u00e6ringa er for v\u00e5rt n\u00e6ringsliv i omr\u00e5det. Ungdommene har st\u00e5tt for hele prosessen selv &#8211; fra plukking, til pressing og salg, b\u00e5de p\u00e5 Dyrsku&#8217;n og p\u00e5 Eplefesten.<\/div>\n<\/div>\n<div class=\"x11i5rnm xat24cr x1mh8g0r x1vvkbs xtlvy1s x126k92a\">\n<div dir=\"auto\">\n<p>Videoen under viser hvor g\u00f8y det var n\u00e5r vi fikk bes\u00f8k av ungdomsgjengen fra <span class=\"xt0psk2\">L\u00edf Laga<\/span> i Ung Arena sine lokaler i <span class=\"xt0psk2\">Gullbring Kulturhus<\/span>. Ungdommene fra Gvarv Ungdomsskole mottok da sjekken med overskuddet fra h\u00f8stens jobb, i en ramme der ungdom m\u00f8tes og vi kan kjenne p\u00e5 skaperkraften som slike m\u00f8ter gir oss. M\u00e5tte det fortsette&#8230;<\/p>\n<\/div>\n<\/div>\n<p><iframe loading=\"lazy\" style=\"border: none; overflow: hidden;\" src=\"https:\/\/www.facebook.com\/plugins\/video.php?height=314&amp;href=https%3A%2F%2Fwww.facebook.com%2Fnorskeplefest%2Fvideos%2F719216486274329%2F&amp;show_text=false&amp;width=560&amp;t=0\" width=\"560\" height=\"514\" frameborder=\"0\" scrolling=\"no\" allowfullscreen=\"allowfullscreen\"><\/iframe><\/p>\n","protected":false},"excerpt":{"rendered":"<p>I fjor h\u00f8st introduserte Norsk Eplefest og HANEN ungdommer fra Gvarv Skole med ungdommer fra Oslo i prosjektet L\u00edf Laga. De plukka epler og presset eplemost under Dyrsku&#8217;n og solgte under marknaden p\u00e5 Eplefesten. V\u00e5rt \u00f8nske er at ungdom i kommunen, gjennom egne erfaringer, skal se hvilken verdi fruktn\u00e6ringa er for v\u00e5rt n\u00e6ringsliv i omr\u00e5det. Ungdommene har st\u00e5tt for hele &#8230; <\/p>\n<div><a href=\"https:\/\/visitbo.no\/eplefest\/samarbeid-lif-laga\/\" class=\"more-link\">Read More<\/a><\/div>\n","protected":false},"author":29,"featured_media":8213,"comment_status":"closed","ping_status":"closed","sticky":false,"template":"","format":"standard","meta":{"_relevanssi_hide_post":"","_relevanssi_hide_content":"","_relevanssi_pin_for_all":"","_relevanssi_pin_keywords":"","_relevanssi_unpin_keywords":"","_relevanssi_related_keywords":"","_relevanssi_related_include_ids":"","_relevanssi_related_exclude_ids":"","_relevanssi_related_no_append":"","_relevanssi_related_not_related":"","_relevanssi_related_posts":"","_relevanssi_noindex_reason":"","footnotes":""},"categories":[8],"tags":[],"class_list":["post-8211","post","type-post","status-publish","format-standard","has-post-thumbnail","hentry","category-nyheter"],"yoast_head":"<!-- This site is optimized with the Yoast SEO plugin v27.2 - https:\/\/yoast.com\/product\/yoast-seo-wordpress\/ -->\n<title>Samarbeidet med Lif Laga b\u00e6rer frukter \ud83c\udf4e - Norsk Eplefest<\/title>\n<meta name=\"robots\" content=\"index, follow, max-snippet:-1, max-image-preview:large, max-video-preview:-1\" \/>\n<link rel=\"canonical\" href=\"https:\/\/visitbo.no\/eplefest\/samarbeid-lif-laga\/\" \/>\n<meta property=\"og:locale\" content=\"nb_NO\" \/>\n<meta property=\"og:type\" content=\"article\" \/>\n<meta property=\"og:title\" content=\"Samarbeidet med Lif Laga b\u00e6rer frukter \ud83c\udf4e - Norsk Eplefest\" \/>\n<meta property=\"og:description\" content=\"I fjor h\u00f8st introduserte Norsk Eplefest og HANEN ungdommer fra Gvarv Skole med ungdommer fra Oslo i prosjektet L\u00edf Laga. De plukka epler og presset eplemost under Dyrsku&#8217;n og solgte under marknaden p\u00e5 Eplefesten. V\u00e5rt \u00f8nske er at ungdom i kommunen, gjennom egne erfaringer, skal se hvilken verdi fruktn\u00e6ringa er for v\u00e5rt n\u00e6ringsliv i omr\u00e5det. Ungdommene har st\u00e5tt for hele ... Read More\" \/>\n<meta property=\"og:url\" content=\"https:\/\/visitbo.no\/eplefest\/samarbeid-lif-laga\/\" \/>\n<meta property=\"og:site_name\" content=\"Norsk Eplefest\" \/>\n<meta property=\"article:published_time\" content=\"2023-02-09T13:34:08+00:00\" \/>\n<meta property=\"article:modified_time\" content=\"2024-01-30T07:05:16+00:00\" \/>\n<meta property=\"og:image\" content=\"https:\/\/visitbo.no\/eplefest\/wp-content\/uploads\/sites\/66\/2023\/02\/308053903_10160149592339019_182663309136677942_n.jpg\" \/>\n\t<meta property=\"og:image:width\" content=\"640\" \/>\n\t<meta property=\"og:image:height\" content=\"480\" \/>\n\t<meta property=\"og:image:type\" content=\"image\/jpeg\" \/>\n<meta name=\"author\" content=\"anette\" \/>\n<meta name=\"twitter:card\" content=\"summary_large_image\" \/>\n<meta name=\"twitter:label1\" content=\"Skrevet av\" \/>\n\t<meta name=\"twitter:data1\" content=\"anette\" \/>\n\t<meta name=\"twitter:label2\" content=\"Ansl. lesetid\" \/>\n\t<meta name=\"twitter:data2\" content=\"1 minutt\" \/>\n<script type=\"application\/ld+json\" class=\"yoast-schema-graph\">{\"@context\":\"https:\/\/schema.org\",\"@graph\":[{\"@type\":\"Article\",\"@id\":\"https:\/\/visitbo.no\/eplefest\/samarbeid-lif-laga\/#article\",\"isPartOf\":{\"@id\":\"https:\/\/visitbo.no\/eplefest\/samarbeid-lif-laga\/\"},\"author\":{\"name\":\"anette\",\"@id\":\"https:\/\/visitbo.no\/eplefest\/#\/schema\/person\/9ff738ed56a55ee81b1292f43bcc59b9\"},\"headline\":\"Samarbeidet med Lif Laga b\u00e6rer frukter \ud83c\udf4e\",\"datePublished\":\"2023-02-09T13:34:08+00:00\",\"dateModified\":\"2024-01-30T07:05:16+00:00\",\"mainEntityOfPage\":{\"@id\":\"https:\/\/visitbo.no\/eplefest\/samarbeid-lif-laga\/\"},\"wordCount\":157,\"image\":{\"@id\":\"https:\/\/visitbo.no\/eplefest\/samarbeid-lif-laga\/#primaryimage\"},\"thumbnailUrl\":\"https:\/\/visitbo.no\/eplefest\/wp-content\/uploads\/sites\/66\/2023\/02\/308053903_10160149592339019_182663309136677942_n.jpg\",\"articleSection\":[\"Nyheter\"],\"inLanguage\":\"nb-NO\"},{\"@type\":\"WebPage\",\"@id\":\"https:\/\/visitbo.no\/eplefest\/samarbeid-lif-laga\/\",\"url\":\"https:\/\/visitbo.no\/eplefest\/samarbeid-lif-laga\/\",\"name\":\"Samarbeidet med Lif Laga b\u00e6rer frukter \ud83c\udf4e - Norsk Eplefest\",\"isPartOf\":{\"@id\":\"https:\/\/visitbo.no\/eplefest\/#website\"},\"primaryImageOfPage\":{\"@id\":\"https:\/\/visitbo.no\/eplefest\/samarbeid-lif-laga\/#primaryimage\"},\"image\":{\"@id\":\"https:\/\/visitbo.no\/eplefest\/samarbeid-lif-laga\/#primaryimage\"},\"thumbnailUrl\":\"https:\/\/visitbo.no\/eplefest\/wp-content\/uploads\/sites\/66\/2023\/02\/308053903_10160149592339019_182663309136677942_n.jpg\",\"datePublished\":\"2023-02-09T13:34:08+00:00\",\"dateModified\":\"2024-01-30T07:05:16+00:00\",\"author\":{\"@id\":\"https:\/\/visitbo.no\/eplefest\/#\/schema\/person\/9ff738ed56a55ee81b1292f43bcc59b9\"},\"breadcrumb\":{\"@id\":\"https:\/\/visitbo.no\/eplefest\/samarbeid-lif-laga\/#breadcrumb\"},\"inLanguage\":\"nb-NO\",\"potentialAction\":[{\"@type\":\"ReadAction\",\"target\":[\"https:\/\/visitbo.no\/eplefest\/samarbeid-lif-laga\/\"]}]},{\"@type\":\"ImageObject\",\"inLanguage\":\"nb-NO\",\"@id\":\"https:\/\/visitbo.no\/eplefest\/samarbeid-lif-laga\/#primaryimage\",\"url\":\"https:\/\/visitbo.no\/eplefest\/wp-content\/uploads\/sites\/66\/2023\/02\/308053903_10160149592339019_182663309136677942_n.jpg\",\"contentUrl\":\"https:\/\/visitbo.no\/eplefest\/wp-content\/uploads\/sites\/66\/2023\/02\/308053903_10160149592339019_182663309136677942_n.jpg\",\"width\":640,\"height\":480,\"caption\":\"Stand med eplemost\"},{\"@type\":\"BreadcrumbList\",\"@id\":\"https:\/\/visitbo.no\/eplefest\/samarbeid-lif-laga\/#breadcrumb\",\"itemListElement\":[{\"@type\":\"ListItem\",\"position\":1,\"name\":\"Hjem\",\"item\":\"https:\/\/visitbo.no\/eplefest\/\"},{\"@type\":\"ListItem\",\"position\":2,\"name\":\"Samarbeidet med Lif Laga b\u00e6rer frukter \ud83c\udf4e\"}]},{\"@type\":\"WebSite\",\"@id\":\"https:\/\/visitbo.no\/eplefest\/#website\",\"url\":\"https:\/\/visitbo.no\/eplefest\/\",\"name\":\"Norsk Eplefest\",\"description\":\"One online experience - for everything your destination has to offer.\",\"potentialAction\":[{\"@type\":\"SearchAction\",\"target\":{\"@type\":\"EntryPoint\",\"urlTemplate\":\"https:\/\/visitbo.no\/eplefest\/?s={search_term_string}\"},\"query-input\":{\"@type\":\"PropertyValueSpecification\",\"valueRequired\":true,\"valueName\":\"search_term_string\"}}],\"inLanguage\":\"nb-NO\"},{\"@type\":\"Person\",\"@id\":\"https:\/\/visitbo.no\/eplefest\/#\/schema\/person\/9ff738ed56a55ee81b1292f43bcc59b9\",\"name\":\"anette\",\"image\":{\"@type\":\"ImageObject\",\"inLanguage\":\"nb-NO\",\"@id\":\"https:\/\/secure.gravatar.com\/avatar\/7787bd43a200e676f81dc1d879dfa34102229a8c799faa8d538cc2c09f072770?s=96&d=mm&r=g\",\"url\":\"https:\/\/secure.gravatar.com\/avatar\/7787bd43a200e676f81dc1d879dfa34102229a8c799faa8d538cc2c09f072770?s=96&d=mm&r=g\",\"contentUrl\":\"https:\/\/secure.gravatar.com\/avatar\/7787bd43a200e676f81dc1d879dfa34102229a8c799faa8d538cc2c09f072770?s=96&d=mm&r=g\",\"caption\":\"anette\"},\"url\":\"https:\/\/visitbo.no\/eplefest\/author\/anette\/\"}]}<\/script>\n<!-- \/ Yoast SEO plugin. -->","yoast_head_json":{"title":"Samarbeidet med Lif Laga b\u00e6rer frukter \ud83c\udf4e - Norsk Eplefest","robots":{"index":"index","follow":"follow","max-snippet":"max-snippet:-1","max-image-preview":"max-image-preview:large","max-video-preview":"max-video-preview:-1"},"canonical":"https:\/\/visitbo.no\/eplefest\/samarbeid-lif-laga\/","og_locale":"nb_NO","og_type":"article","og_title":"Samarbeidet med Lif Laga b\u00e6rer frukter \ud83c\udf4e - Norsk Eplefest","og_description":"I fjor h\u00f8st introduserte Norsk Eplefest og HANEN ungdommer fra Gvarv Skole med ungdommer fra Oslo i prosjektet L\u00edf Laga. De plukka epler og presset eplemost under Dyrsku&#8217;n og solgte under marknaden p\u00e5 Eplefesten. V\u00e5rt \u00f8nske er at ungdom i kommunen, gjennom egne erfaringer, skal se hvilken verdi fruktn\u00e6ringa er for v\u00e5rt n\u00e6ringsliv i omr\u00e5det. Ungdommene har st\u00e5tt for hele ... Read More","og_url":"https:\/\/visitbo.no\/eplefest\/samarbeid-lif-laga\/","og_site_name":"Norsk Eplefest","article_published_time":"2023-02-09T13:34:08+00:00","article_modified_time":"2024-01-30T07:05:16+00:00","og_image":[{"width":640,"height":480,"url":"https:\/\/visitbo.no\/eplefest\/wp-content\/uploads\/sites\/66\/2023\/02\/308053903_10160149592339019_182663309136677942_n.jpg","type":"image\/jpeg"}],"author":"anette","twitter_card":"summary_large_image","twitter_misc":{"Skrevet av":"anette","Ansl. lesetid":"1 minutt"},"schema":{"@context":"https:\/\/schema.org","@graph":[{"@type":"Article","@id":"https:\/\/visitbo.no\/eplefest\/samarbeid-lif-laga\/#article","isPartOf":{"@id":"https:\/\/visitbo.no\/eplefest\/samarbeid-lif-laga\/"},"author":{"name":"anette","@id":"https:\/\/visitbo.no\/eplefest\/#\/schema\/person\/9ff738ed56a55ee81b1292f43bcc59b9"},"headline":"Samarbeidet med Lif Laga b\u00e6rer frukter \ud83c\udf4e","datePublished":"2023-02-09T13:34:08+00:00","dateModified":"2024-01-30T07:05:16+00:00","mainEntityOfPage":{"@id":"https:\/\/visitbo.no\/eplefest\/samarbeid-lif-laga\/"},"wordCount":157,"image":{"@id":"https:\/\/visitbo.no\/eplefest\/samarbeid-lif-laga\/#primaryimage"},"thumbnailUrl":"https:\/\/visitbo.no\/eplefest\/wp-content\/uploads\/sites\/66\/2023\/02\/308053903_10160149592339019_182663309136677942_n.jpg","articleSection":["Nyheter"],"inLanguage":"nb-NO"},{"@type":"WebPage","@id":"https:\/\/visitbo.no\/eplefest\/samarbeid-lif-laga\/","url":"https:\/\/visitbo.no\/eplefest\/samarbeid-lif-laga\/","name":"Samarbeidet med Lif Laga b\u00e6rer frukter \ud83c\udf4e - Norsk Eplefest","isPartOf":{"@id":"https:\/\/visitbo.no\/eplefest\/#website"},"primaryImageOfPage":{"@id":"https:\/\/visitbo.no\/eplefest\/samarbeid-lif-laga\/#primaryimage"},"image":{"@id":"https:\/\/visitbo.no\/eplefest\/samarbeid-lif-laga\/#primaryimage"},"thumbnailUrl":"https:\/\/visitbo.no\/eplefest\/wp-content\/uploads\/sites\/66\/2023\/02\/308053903_10160149592339019_182663309136677942_n.jpg","datePublished":"2023-02-09T13:34:08+00:00","dateModified":"2024-01-30T07:05:16+00:00","author":{"@id":"https:\/\/visitbo.no\/eplefest\/#\/schema\/person\/9ff738ed56a55ee81b1292f43bcc59b9"},"breadcrumb":{"@id":"https:\/\/visitbo.no\/eplefest\/samarbeid-lif-laga\/#breadcrumb"},"inLanguage":"nb-NO","potentialAction":[{"@type":"ReadAction","target":["https:\/\/visitbo.no\/eplefest\/samarbeid-lif-laga\/"]}]},{"@type":"ImageObject","inLanguage":"nb-NO","@id":"https:\/\/visitbo.no\/eplefest\/samarbeid-lif-laga\/#primaryimage","url":"https:\/\/visitbo.no\/eplefest\/wp-content\/uploads\/sites\/66\/2023\/02\/308053903_10160149592339019_182663309136677942_n.jpg","contentUrl":"https:\/\/visitbo.no\/eplefest\/wp-content\/uploads\/sites\/66\/2023\/02\/308053903_10160149592339019_182663309136677942_n.jpg","width":640,"height":480,"caption":"Stand med eplemost"},{"@type":"BreadcrumbList","@id":"https:\/\/visitbo.no\/eplefest\/samarbeid-lif-laga\/#breadcrumb","itemListElement":[{"@type":"ListItem","position":1,"name":"Hjem","item":"https:\/\/visitbo.no\/eplefest\/"},{"@type":"ListItem","position":2,"name":"Samarbeidet med Lif Laga b\u00e6rer frukter \ud83c\udf4e"}]},{"@type":"WebSite","@id":"https:\/\/visitbo.no\/eplefest\/#website","url":"https:\/\/visitbo.no\/eplefest\/","name":"Norsk Eplefest","description":"One online experience - for everything your destination has to offer.","potentialAction":[{"@type":"SearchAction","target":{"@type":"EntryPoint","urlTemplate":"https:\/\/visitbo.no\/eplefest\/?s={search_term_string}"},"query-input":{"@type":"PropertyValueSpecification","valueRequired":true,"valueName":"search_term_string"}}],"inLanguage":"nb-NO"},{"@type":"Person","@id":"https:\/\/visitbo.no\/eplefest\/#\/schema\/person\/9ff738ed56a55ee81b1292f43bcc59b9","name":"anette","image":{"@type":"ImageObject","inLanguage":"nb-NO","@id":"https:\/\/secure.gravatar.com\/avatar\/7787bd43a200e676f81dc1d879dfa34102229a8c799faa8d538cc2c09f072770?s=96&d=mm&r=g","url":"https:\/\/secure.gravatar.com\/avatar\/7787bd43a200e676f81dc1d879dfa34102229a8c799faa8d538cc2c09f072770?s=96&d=mm&r=g","contentUrl":"https:\/\/secure.gravatar.com\/avatar\/7787bd43a200e676f81dc1d879dfa34102229a8c799faa8d538cc2c09f072770?s=96&d=mm&r=g","caption":"anette"},"url":"https:\/\/visitbo.no\/eplefest\/author\/anette\/"}]}},"_links":{"self":[{"href":"https:\/\/visitbo.no\/eplefest\/wp-json\/wp\/v2\/posts\/8211","targetHints":{"allow":["GET"]}}],"collection":[{"href":"https:\/\/visitbo.no\/eplefest\/wp-json\/wp\/v2\/posts"}],"about":[{"href":"https:\/\/visitbo.no\/eplefest\/wp-json\/wp\/v2\/types\/post"}],"author":[{"embeddable":true,"href":"https:\/\/visitbo.no\/eplefest\/wp-json\/wp\/v2\/users\/29"}],"replies":[{"embeddable":true,"href":"https:\/\/visitbo.no\/eplefest\/wp-json\/wp\/v2\/comments?post=8211"}],"version-history":[{"count":9,"href":"https:\/\/visitbo.no\/eplefest\/wp-json\/wp\/v2\/posts\/8211\/revisions"}],"predecessor-version":[{"id":8531,"href":"https:\/\/visitbo.no\/eplefest\/wp-json\/wp\/v2\/posts\/8211\/revisions\/8531"}],"wp:featuredmedia":[{"embeddable":true,"href":"https:\/\/visitbo.no\/eplefest\/wp-json\/wp\/v2\/media\/8213"}],"wp:attachment":[{"href":"https:\/\/visitbo.no\/eplefest\/wp-json\/wp\/v2\/media?parent=8211"}],"wp:term":[{"taxonomy":"category","embeddable":true,"href":"https:\/\/visitbo.no\/eplefest\/wp-json\/wp\/v2\/categories?post=8211"},{"taxonomy":"post_tag","embeddable":true,"href":"https:\/\/visitbo.no\/eplefest\/wp-json\/wp\/v2\/tags?post=8211"}],"curies":[{"name":"wp","href":"https:\/\/api.w.org\/{rel}","templated":true}]}}