{"id":10334,"date":"2023-11-23T09:48:15","date_gmt":"2023-11-23T08:48:15","guid":{"rendered":"https:\/\/visitbo.no\/lifjell\/?p=10334"},"modified":"2023-11-23T14:10:00","modified_gmt":"2023-11-23T13:10:00","slug":"velkommen-til-sesognapning","status":"publish","type":"post","link":"https:\/\/visitbo.no\/lifjell\/velkommen-til-sesognapning\/","title":{"rendered":"Velkommen til sesong\u00e5pning"},"content":{"rendered":"<p>L\u00f8rdag 25.november kl 10 \u00e5pner vi sesongen i Vinterland. Vi holder \u00e5pent l\u00f8rdager og s\u00f8ndager frem til jul.<\/p>\n<p>I Skisenteret trenger vi fortsatt litt mer natur- og\/eller kunstsn\u00f8.<\/p>\n<p>Husk at denne helgen er siste mulighet for \u00e5 kj\u00f8pe sesongkort til sterkt rabatterte priser. Selges i skiutleien i Skisenteret l\u00f8rdag og s\u00f8ndag mellom 10 og 14.<\/p>\n<p>All informasjon om dette tilbudet <a href=\"https:\/\/visitbo.no\/lifjell\/kjempetilbud-pa-sesongkort\/\">finner du her\u00a0<\/a> . Vi minner ogs\u00e5 om spesialtilbudet vi har til alle som g\u00e5r i 1-4 klasse p\u00e5 en skole i Midt Telemark eller Nome kommuner &#8211; <a href=\"https:\/\/visitbo.no\/lifjell\/sesongkort-1-4-klasse-kun-kr-600\/\">les mer her<\/a><\/p>\n<p>Vi har bygget to hopp og satt ut noen andre elementer i Vinterland til \u00e5pningen.<\/p>\n<p>V\u00e6rmeldingen for helgen er veldig bra, s\u00e5 da er det bare for oss \u00e5 \u00f8nske velkommen til en ny flott vinter p\u00e5 Lifjell!<\/p>\n","protected":false},"excerpt":{"rendered":"<p>L\u00f8rdag 25.november kl 10 \u00e5pner vi sesongen i Vinterland. Vi holder \u00e5pent l\u00f8rdager og s\u00f8ndager frem til jul. I Skisenteret trenger vi fortsatt litt mer natur- og\/eller kunstsn\u00f8. Husk at denne helgen er siste mulighet for \u00e5 kj\u00f8pe sesongkort til sterkt rabatterte priser. Selges i skiutleien i Skisenteret l\u00f8rdag og s\u00f8ndag mellom 10 og 14. All informasjon om dette tilbudet &#8230; <\/p>\n<div><a href=\"https:\/\/visitbo.no\/lifjell\/velkommen-til-sesognapning\/\" class=\"more-link\">Read More<\/a><\/div>\n","protected":false},"author":45,"featured_media":10279,"comment_status":"closed","ping_status":"closed","sticky":false,"template":"","format":"standard","meta":{"_relevanssi_hide_post":"","_relevanssi_hide_content":"","_relevanssi_pin_for_all":"","_relevanssi_pin_keywords":"","_relevanssi_unpin_keywords":"","_relevanssi_related_keywords":"","_relevanssi_related_include_ids":"","_relevanssi_related_exclude_ids":"","_relevanssi_related_no_append":"","_relevanssi_related_not_related":"","_relevanssi_related_posts":"","_relevanssi_noindex_reason":"","footnotes":""},"categories":[1,8],"tags":[],"class_list":["post-10334","post","type-post","status-publish","format-standard","has-post-thumbnail","hentry","category-annet","category-nyheter"],"yoast_head":"<!-- This site is optimized with the Yoast SEO plugin v27.2 - https:\/\/yoast.com\/product\/yoast-seo-wordpress\/ -->\n<title>Velkommen til sesong\u00e5pning - Lifjell<\/title>\n<meta name=\"description\" content=\"\u00f8rdag 25.november kl 10 \u00e5pner vi sesongen i Vinterland. Vi holder \u00e5pent l\u00f8rdager og s\u00f8ndager frem til jul.I Skisenteret trenger vi fortsatt litt mer natur- og\/eller kunstsn\u00f8.Husk at denne helgen er siste mulighet for \u00e5 kj\u00f8pe sesongkort til sterkt rabatterte priser. Selges i skiutleien i Skisenteret l\u00f8rdag og s\u00f8ndag mellom 10 og 14.All informasjon om dette tilbudet finner du her\u00a0 . Vi minner ogs\u00e5 om spesialtilbudet vi har til alle som g\u00e5r i 1-4 klasse p\u00e5 en skole i Midt Telemark eller Nome kommuner - les mer her\u00a0Vi har bygget to hopp og satt ut noen andre elementer i Vinterland til \u00e5pningen.V\u00e6rmeldingen for helgen er veldig bra, s\u00e5 da er det bare for oss \u00e5 \u00f8nske velkommen til en ny flott vinter p\u00e5 Lifjell!\" \/>\n<meta name=\"robots\" content=\"index, follow, max-snippet:-1, max-image-preview:large, max-video-preview:-1\" \/>\n<link rel=\"canonical\" href=\"https:\/\/visitbo.no\/lifjell\/velkommen-til-sesognapning\/\" \/>\n<meta property=\"og:locale\" content=\"nb_NO\" \/>\n<meta property=\"og:type\" content=\"article\" \/>\n<meta property=\"og:title\" content=\"Velkommen til sesong\u00e5pning - Lifjell\" \/>\n<meta property=\"og:description\" content=\"\u00f8rdag 25.november kl 10 \u00e5pner vi sesongen i Vinterland. Vi holder \u00e5pent l\u00f8rdager og s\u00f8ndager frem til jul.I Skisenteret trenger vi fortsatt litt mer natur- og\/eller kunstsn\u00f8.Husk at denne helgen er siste mulighet for \u00e5 kj\u00f8pe sesongkort til sterkt rabatterte priser. Selges i skiutleien i Skisenteret l\u00f8rdag og s\u00f8ndag mellom 10 og 14.All informasjon om dette tilbudet finner du her\u00a0 . Vi minner ogs\u00e5 om spesialtilbudet vi har til alle som g\u00e5r i 1-4 klasse p\u00e5 en skole i Midt Telemark eller Nome kommuner - les mer her\u00a0Vi har bygget to hopp og satt ut noen andre elementer i Vinterland til \u00e5pningen.V\u00e6rmeldingen for helgen er veldig bra, s\u00e5 da er det bare for oss \u00e5 \u00f8nske velkommen til en ny flott vinter p\u00e5 Lifjell!\" \/>\n<meta property=\"og:url\" content=\"https:\/\/visitbo.no\/lifjell\/velkommen-til-sesognapning\/\" \/>\n<meta property=\"og:site_name\" content=\"Lifjell\" \/>\n<meta property=\"article:published_time\" content=\"2023-11-23T08:48:15+00:00\" \/>\n<meta property=\"article:modified_time\" content=\"2023-11-23T13:10:00+00:00\" \/>\n<meta property=\"og:image\" content=\"https:\/\/visitbo.no\/lifjell\/wp-content\/uploads\/sites\/48\/2023\/10\/IMG_1616.jpg\" \/>\n\t<meta property=\"og:image:width\" content=\"1920\" \/>\n\t<meta property=\"og:image:height\" content=\"1080\" \/>\n\t<meta property=\"og:image:type\" content=\"image\/jpeg\" \/>\n<meta name=\"author\" content=\"perhanstad\" \/>\n<meta name=\"twitter:card\" content=\"summary_large_image\" \/>\n<meta name=\"twitter:label1\" content=\"Skrevet av\" \/>\n\t<meta name=\"twitter:data1\" content=\"perhanstad\" \/>\n\t<meta name=\"twitter:label2\" content=\"Ansl. lesetid\" \/>\n\t<meta name=\"twitter:data2\" content=\"1 minutt\" \/>\n<script type=\"application\/ld+json\" class=\"yoast-schema-graph\">{\"@context\":\"https:\/\/schema.org\",\"@graph\":[{\"@type\":\"Article\",\"@id\":\"https:\/\/visitbo.no\/lifjell\/velkommen-til-sesognapning\/#article\",\"isPartOf\":{\"@id\":\"https:\/\/visitbo.no\/lifjell\/velkommen-til-sesognapning\/\"},\"author\":{\"name\":\"perhanstad\",\"@id\":\"https:\/\/visitbo.no\/lifjell\/#\/schema\/person\/85ec6e8339581c9296d3ac3708de174e\"},\"headline\":\"Velkommen til sesong\u00e5pning\",\"datePublished\":\"2023-11-23T08:48:15+00:00\",\"dateModified\":\"2023-11-23T13:10:00+00:00\",\"mainEntityOfPage\":{\"@id\":\"https:\/\/visitbo.no\/lifjell\/velkommen-til-sesognapning\/\"},\"wordCount\":136,\"image\":{\"@id\":\"https:\/\/visitbo.no\/lifjell\/velkommen-til-sesognapning\/#primaryimage\"},\"thumbnailUrl\":\"https:\/\/visitbo.no\/lifjell\/wp-content\/uploads\/sites\/48\/2023\/10\/IMG_1616.jpg\",\"articleSection\":[\"Annet\",\"Nyheter\"],\"inLanguage\":\"nb-NO\"},{\"@type\":\"WebPage\",\"@id\":\"https:\/\/visitbo.no\/lifjell\/velkommen-til-sesognapning\/\",\"url\":\"https:\/\/visitbo.no\/lifjell\/velkommen-til-sesognapning\/\",\"name\":\"Velkommen til sesong\u00e5pning - Lifjell\",\"isPartOf\":{\"@id\":\"https:\/\/visitbo.no\/lifjell\/#website\"},\"primaryImageOfPage\":{\"@id\":\"https:\/\/visitbo.no\/lifjell\/velkommen-til-sesognapning\/#primaryimage\"},\"image\":{\"@id\":\"https:\/\/visitbo.no\/lifjell\/velkommen-til-sesognapning\/#primaryimage\"},\"thumbnailUrl\":\"https:\/\/visitbo.no\/lifjell\/wp-content\/uploads\/sites\/48\/2023\/10\/IMG_1616.jpg\",\"datePublished\":\"2023-11-23T08:48:15+00:00\",\"dateModified\":\"2023-11-23T13:10:00+00:00\",\"author\":{\"@id\":\"https:\/\/visitbo.no\/lifjell\/#\/schema\/person\/85ec6e8339581c9296d3ac3708de174e\"},\"description\":\"\u00f8rdag 25.november kl 10 \u00e5pner vi sesongen i Vinterland. Vi holder \u00e5pent l\u00f8rdager og s\u00f8ndager frem til jul.I Skisenteret trenger vi fortsatt litt mer natur- og\/eller kunstsn\u00f8.Husk at denne helgen er siste mulighet for \u00e5 kj\u00f8pe sesongkort til sterkt rabatterte priser. Selges i skiutleien i Skisenteret l\u00f8rdag og s\u00f8ndag mellom 10 og 14.All informasjon om dette tilbudet finner du her\u00a0 . Vi minner ogs\u00e5 om spesialtilbudet vi har til alle som g\u00e5r i 1-4 klasse p\u00e5 en skole i Midt Telemark eller Nome kommuner - les mer her\u00a0Vi har bygget to hopp og satt ut noen andre elementer i Vinterland til \u00e5pningen.V\u00e6rmeldingen for helgen er veldig bra, s\u00e5 da er det bare for oss \u00e5 \u00f8nske velkommen til en ny flott vinter p\u00e5 Lifjell!\",\"breadcrumb\":{\"@id\":\"https:\/\/visitbo.no\/lifjell\/velkommen-til-sesognapning\/#breadcrumb\"},\"inLanguage\":\"nb-NO\",\"potentialAction\":[{\"@type\":\"ReadAction\",\"target\":[\"https:\/\/visitbo.no\/lifjell\/velkommen-til-sesognapning\/\"]}]},{\"@type\":\"ImageObject\",\"inLanguage\":\"nb-NO\",\"@id\":\"https:\/\/visitbo.no\/lifjell\/velkommen-til-sesognapning\/#primaryimage\",\"url\":\"https:\/\/visitbo.no\/lifjell\/wp-content\/uploads\/sites\/48\/2023\/10\/IMG_1616.jpg\",\"contentUrl\":\"https:\/\/visitbo.no\/lifjell\/wp-content\/uploads\/sites\/48\/2023\/10\/IMG_1616.jpg\",\"width\":1920,\"height\":1080},{\"@type\":\"BreadcrumbList\",\"@id\":\"https:\/\/visitbo.no\/lifjell\/velkommen-til-sesognapning\/#breadcrumb\",\"itemListElement\":[{\"@type\":\"ListItem\",\"position\":1,\"name\":\"Hjem\",\"item\":\"https:\/\/visitbo.no\/lifjell\/\"},{\"@type\":\"ListItem\",\"position\":2,\"name\":\"Velkommen til sesong\u00e5pning\"}]},{\"@type\":\"WebSite\",\"@id\":\"https:\/\/visitbo.no\/lifjell\/#website\",\"url\":\"https:\/\/visitbo.no\/lifjell\/\",\"name\":\"Lifjell\",\"description\":\"One online experience - for everything your destination has to offer.\",\"potentialAction\":[{\"@type\":\"SearchAction\",\"target\":{\"@type\":\"EntryPoint\",\"urlTemplate\":\"https:\/\/visitbo.no\/lifjell\/?s={search_term_string}\"},\"query-input\":{\"@type\":\"PropertyValueSpecification\",\"valueRequired\":true,\"valueName\":\"search_term_string\"}}],\"inLanguage\":\"nb-NO\"},{\"@type\":\"Person\",\"@id\":\"https:\/\/visitbo.no\/lifjell\/#\/schema\/person\/85ec6e8339581c9296d3ac3708de174e\",\"name\":\"perhanstad\",\"image\":{\"@type\":\"ImageObject\",\"inLanguage\":\"nb-NO\",\"@id\":\"https:\/\/secure.gravatar.com\/avatar\/e53f85f933c278fd28c5c14d034346dafaab9173cd0cad1f4f3de55b474a4a5e?s=96&d=mm&r=g\",\"url\":\"https:\/\/secure.gravatar.com\/avatar\/e53f85f933c278fd28c5c14d034346dafaab9173cd0cad1f4f3de55b474a4a5e?s=96&d=mm&r=g\",\"contentUrl\":\"https:\/\/secure.gravatar.com\/avatar\/e53f85f933c278fd28c5c14d034346dafaab9173cd0cad1f4f3de55b474a4a5e?s=96&d=mm&r=g\",\"caption\":\"perhanstad\"},\"url\":\"https:\/\/visitbo.no\/lifjell\/author\/perhanstad\/\"}]}<\/script>\n<!-- \/ Yoast SEO plugin. -->","yoast_head_json":{"title":"Velkommen til sesong\u00e5pning - Lifjell","description":"\u00f8rdag 25.november kl 10 \u00e5pner vi sesongen i Vinterland. Vi holder \u00e5pent l\u00f8rdager og s\u00f8ndager frem til jul.I Skisenteret trenger vi fortsatt litt mer natur- og\/eller kunstsn\u00f8.Husk at denne helgen er siste mulighet for \u00e5 kj\u00f8pe sesongkort til sterkt rabatterte priser. Selges i skiutleien i Skisenteret l\u00f8rdag og s\u00f8ndag mellom 10 og 14.All informasjon om dette tilbudet finner du her\u00a0 . Vi minner ogs\u00e5 om spesialtilbudet vi har til alle som g\u00e5r i 1-4 klasse p\u00e5 en skole i Midt Telemark eller Nome kommuner - les mer her\u00a0Vi har bygget to hopp og satt ut noen andre elementer i Vinterland til \u00e5pningen.V\u00e6rmeldingen for helgen er veldig bra, s\u00e5 da er det bare for oss \u00e5 \u00f8nske velkommen til en ny flott vinter p\u00e5 Lifjell!","robots":{"index":"index","follow":"follow","max-snippet":"max-snippet:-1","max-image-preview":"max-image-preview:large","max-video-preview":"max-video-preview:-1"},"canonical":"https:\/\/visitbo.no\/lifjell\/velkommen-til-sesognapning\/","og_locale":"nb_NO","og_type":"article","og_title":"Velkommen til sesong\u00e5pning - Lifjell","og_description":"\u00f8rdag 25.november kl 10 \u00e5pner vi sesongen i Vinterland. Vi holder \u00e5pent l\u00f8rdager og s\u00f8ndager frem til jul.I Skisenteret trenger vi fortsatt litt mer natur- og\/eller kunstsn\u00f8.Husk at denne helgen er siste mulighet for \u00e5 kj\u00f8pe sesongkort til sterkt rabatterte priser. Selges i skiutleien i Skisenteret l\u00f8rdag og s\u00f8ndag mellom 10 og 14.All informasjon om dette tilbudet finner du her\u00a0 . Vi minner ogs\u00e5 om spesialtilbudet vi har til alle som g\u00e5r i 1-4 klasse p\u00e5 en skole i Midt Telemark eller Nome kommuner - les mer her\u00a0Vi har bygget to hopp og satt ut noen andre elementer i Vinterland til \u00e5pningen.V\u00e6rmeldingen for helgen er veldig bra, s\u00e5 da er det bare for oss \u00e5 \u00f8nske velkommen til en ny flott vinter p\u00e5 Lifjell!","og_url":"https:\/\/visitbo.no\/lifjell\/velkommen-til-sesognapning\/","og_site_name":"Lifjell","article_published_time":"2023-11-23T08:48:15+00:00","article_modified_time":"2023-11-23T13:10:00+00:00","og_image":[{"width":1920,"height":1080,"url":"https:\/\/visitbo.no\/lifjell\/wp-content\/uploads\/sites\/48\/2023\/10\/IMG_1616.jpg","type":"image\/jpeg"}],"author":"perhanstad","twitter_card":"summary_large_image","twitter_misc":{"Skrevet av":"perhanstad","Ansl. lesetid":"1 minutt"},"schema":{"@context":"https:\/\/schema.org","@graph":[{"@type":"Article","@id":"https:\/\/visitbo.no\/lifjell\/velkommen-til-sesognapning\/#article","isPartOf":{"@id":"https:\/\/visitbo.no\/lifjell\/velkommen-til-sesognapning\/"},"author":{"name":"perhanstad","@id":"https:\/\/visitbo.no\/lifjell\/#\/schema\/person\/85ec6e8339581c9296d3ac3708de174e"},"headline":"Velkommen til sesong\u00e5pning","datePublished":"2023-11-23T08:48:15+00:00","dateModified":"2023-11-23T13:10:00+00:00","mainEntityOfPage":{"@id":"https:\/\/visitbo.no\/lifjell\/velkommen-til-sesognapning\/"},"wordCount":136,"image":{"@id":"https:\/\/visitbo.no\/lifjell\/velkommen-til-sesognapning\/#primaryimage"},"thumbnailUrl":"https:\/\/visitbo.no\/lifjell\/wp-content\/uploads\/sites\/48\/2023\/10\/IMG_1616.jpg","articleSection":["Annet","Nyheter"],"inLanguage":"nb-NO"},{"@type":"WebPage","@id":"https:\/\/visitbo.no\/lifjell\/velkommen-til-sesognapning\/","url":"https:\/\/visitbo.no\/lifjell\/velkommen-til-sesognapning\/","name":"Velkommen til sesong\u00e5pning - Lifjell","isPartOf":{"@id":"https:\/\/visitbo.no\/lifjell\/#website"},"primaryImageOfPage":{"@id":"https:\/\/visitbo.no\/lifjell\/velkommen-til-sesognapning\/#primaryimage"},"image":{"@id":"https:\/\/visitbo.no\/lifjell\/velkommen-til-sesognapning\/#primaryimage"},"thumbnailUrl":"https:\/\/visitbo.no\/lifjell\/wp-content\/uploads\/sites\/48\/2023\/10\/IMG_1616.jpg","datePublished":"2023-11-23T08:48:15+00:00","dateModified":"2023-11-23T13:10:00+00:00","author":{"@id":"https:\/\/visitbo.no\/lifjell\/#\/schema\/person\/85ec6e8339581c9296d3ac3708de174e"},"description":"\u00f8rdag 25.november kl 10 \u00e5pner vi sesongen i Vinterland. Vi holder \u00e5pent l\u00f8rdager og s\u00f8ndager frem til jul.I Skisenteret trenger vi fortsatt litt mer natur- og\/eller kunstsn\u00f8.Husk at denne helgen er siste mulighet for \u00e5 kj\u00f8pe sesongkort til sterkt rabatterte priser. Selges i skiutleien i Skisenteret l\u00f8rdag og s\u00f8ndag mellom 10 og 14.All informasjon om dette tilbudet finner du her\u00a0 . Vi minner ogs\u00e5 om spesialtilbudet vi har til alle som g\u00e5r i 1-4 klasse p\u00e5 en skole i Midt Telemark eller Nome kommuner - les mer her\u00a0Vi har bygget to hopp og satt ut noen andre elementer i Vinterland til \u00e5pningen.V\u00e6rmeldingen for helgen er veldig bra, s\u00e5 da er det bare for oss \u00e5 \u00f8nske velkommen til en ny flott vinter p\u00e5 Lifjell!","breadcrumb":{"@id":"https:\/\/visitbo.no\/lifjell\/velkommen-til-sesognapning\/#breadcrumb"},"inLanguage":"nb-NO","potentialAction":[{"@type":"ReadAction","target":["https:\/\/visitbo.no\/lifjell\/velkommen-til-sesognapning\/"]}]},{"@type":"ImageObject","inLanguage":"nb-NO","@id":"https:\/\/visitbo.no\/lifjell\/velkommen-til-sesognapning\/#primaryimage","url":"https:\/\/visitbo.no\/lifjell\/wp-content\/uploads\/sites\/48\/2023\/10\/IMG_1616.jpg","contentUrl":"https:\/\/visitbo.no\/lifjell\/wp-content\/uploads\/sites\/48\/2023\/10\/IMG_1616.jpg","width":1920,"height":1080},{"@type":"BreadcrumbList","@id":"https:\/\/visitbo.no\/lifjell\/velkommen-til-sesognapning\/#breadcrumb","itemListElement":[{"@type":"ListItem","position":1,"name":"Hjem","item":"https:\/\/visitbo.no\/lifjell\/"},{"@type":"ListItem","position":2,"name":"Velkommen til sesong\u00e5pning"}]},{"@type":"WebSite","@id":"https:\/\/visitbo.no\/lifjell\/#website","url":"https:\/\/visitbo.no\/lifjell\/","name":"Lifjell","description":"One online experience - for everything your destination has to offer.","potentialAction":[{"@type":"SearchAction","target":{"@type":"EntryPoint","urlTemplate":"https:\/\/visitbo.no\/lifjell\/?s={search_term_string}"},"query-input":{"@type":"PropertyValueSpecification","valueRequired":true,"valueName":"search_term_string"}}],"inLanguage":"nb-NO"},{"@type":"Person","@id":"https:\/\/visitbo.no\/lifjell\/#\/schema\/person\/85ec6e8339581c9296d3ac3708de174e","name":"perhanstad","image":{"@type":"ImageObject","inLanguage":"nb-NO","@id":"https:\/\/secure.gravatar.com\/avatar\/e53f85f933c278fd28c5c14d034346dafaab9173cd0cad1f4f3de55b474a4a5e?s=96&d=mm&r=g","url":"https:\/\/secure.gravatar.com\/avatar\/e53f85f933c278fd28c5c14d034346dafaab9173cd0cad1f4f3de55b474a4a5e?s=96&d=mm&r=g","contentUrl":"https:\/\/secure.gravatar.com\/avatar\/e53f85f933c278fd28c5c14d034346dafaab9173cd0cad1f4f3de55b474a4a5e?s=96&d=mm&r=g","caption":"perhanstad"},"url":"https:\/\/visitbo.no\/lifjell\/author\/perhanstad\/"}]}},"_links":{"self":[{"href":"https:\/\/visitbo.no\/lifjell\/wp-json\/wp\/v2\/posts\/10334","targetHints":{"allow":["GET"]}}],"collection":[{"href":"https:\/\/visitbo.no\/lifjell\/wp-json\/wp\/v2\/posts"}],"about":[{"href":"https:\/\/visitbo.no\/lifjell\/wp-json\/wp\/v2\/types\/post"}],"author":[{"embeddable":true,"href":"https:\/\/visitbo.no\/lifjell\/wp-json\/wp\/v2\/users\/45"}],"replies":[{"embeddable":true,"href":"https:\/\/visitbo.no\/lifjell\/wp-json\/wp\/v2\/comments?post=10334"}],"version-history":[{"count":3,"href":"https:\/\/visitbo.no\/lifjell\/wp-json\/wp\/v2\/posts\/10334\/revisions"}],"predecessor-version":[{"id":10337,"href":"https:\/\/visitbo.no\/lifjell\/wp-json\/wp\/v2\/posts\/10334\/revisions\/10337"}],"wp:featuredmedia":[{"embeddable":true,"href":"https:\/\/visitbo.no\/lifjell\/wp-json\/wp\/v2\/media\/10279"}],"wp:attachment":[{"href":"https:\/\/visitbo.no\/lifjell\/wp-json\/wp\/v2\/media?parent=10334"}],"wp:term":[{"taxonomy":"category","embeddable":true,"href":"https:\/\/visitbo.no\/lifjell\/wp-json\/wp\/v2\/categories?post=10334"},{"taxonomy":"post_tag","embeddable":true,"href":"https:\/\/visitbo.no\/lifjell\/wp-json\/wp\/v2\/tags?post=10334"}],"curies":[{"name":"wp","href":"https:\/\/api.w.org\/{rel}","templated":true}]}}