{"id":11035,"date":"2025-02-04T10:50:37","date_gmt":"2025-02-04T09:50:37","guid":{"rendered":"https:\/\/visitbo.no\/lifjell\/?p=11035"},"modified":"2025-02-04T10:50:37","modified_gmt":"2025-02-04T09:50:37","slug":"vinterferien-pa-lifjell-2025","status":"publish","type":"post","link":"https:\/\/visitbo.no\/lifjell\/vinterferien-pa-lifjell-2025\/","title":{"rendered":"Vinterferien p\u00e5 Lifjell 2025"},"content":{"rendered":"<p>Vinterferieprogrammet (uke 8) er klart. Her blir det virkelig noe for enhver smak. Nyheter i \u00e5r er et uformelt storslal\u00e5mrenn for hele familien i Skisenteret s\u00f8ndag 16.februar og hopp med landingspute (jumpbag) i Vinterland l\u00f8rdag 22.februar. I tillegg har vi utvidede \u00e5pningstider flere dager b\u00e5de i Skisenteret og i Vinterland, Telemark Wintertour er tilbake med morsomme aktiviteter b\u00e5de for store og sm\u00e5, den tradisjonelle akekonkurransen Lifjell Grand Prix og sist men ikke minst er vi glad for \u00e5 kunne \u00f8nske B\u00f8-bandet Ugras tilbake til Lifjell og afterski l\u00f8rdag 22.februar.<\/p>\n<p>Dette tror vi blir tidenes vinterferie p\u00e5 Lifjell!<\/p>\n","protected":false},"excerpt":{"rendered":"<p>Vinterferieprogrammet (uke 8) er klart. Her blir det virkelig noe for enhver smak. Nyheter i \u00e5r er et uformelt storslal\u00e5mrenn for hele familien i Skisenteret s\u00f8ndag 16.februar og hopp med landingspute (jumpbag) i Vinterland l\u00f8rdag 22.februar. I tillegg har vi utvidede \u00e5pningstider flere dager b\u00e5de i Skisenteret og i Vinterland, Telemark Wintertour er tilbake med morsomme aktiviteter b\u00e5de for store &#8230; <\/p>\n<div><a href=\"https:\/\/visitbo.no\/lifjell\/vinterferien-pa-lifjell-2025\/\" class=\"more-link\">Read More<\/a><\/div>\n","protected":false},"author":45,"featured_media":11036,"comment_status":"closed","ping_status":"closed","sticky":false,"template":"","format":"standard","meta":{"_relevanssi_hide_post":"","_relevanssi_hide_content":"","_relevanssi_pin_for_all":"","_relevanssi_pin_keywords":"","_relevanssi_unpin_keywords":"","_relevanssi_related_keywords":"","_relevanssi_related_include_ids":"","_relevanssi_related_exclude_ids":"","_relevanssi_related_no_append":"","_relevanssi_related_not_related":"","_relevanssi_related_posts":"","_relevanssi_noindex_reason":"","footnotes":""},"categories":[8],"tags":[],"class_list":["post-11035","post","type-post","status-publish","format-standard","has-post-thumbnail","hentry","category-nyheter"],"yoast_head":"<!-- This site is optimized with the Yoast SEO plugin v27.2 - https:\/\/yoast.com\/product\/yoast-seo-wordpress\/ -->\n<title>Vinterferien p\u00e5 Lifjell 2025 - Lifjell<\/title>\n<meta name=\"description\" content=\"Vinterferieprogrammet (uke 8) er klart. Her blir det virkelig noe for enhver smak. Nyheter i \u00e5r er et uformelt storslal\u00e5mrenn for hele familien i Skisenteret s\u00f8ndag 16.februar og hopp med landingspute (jumpbag) i Vinterland l\u00f8rdag 22.februar. I tillegg har vi utvidede \u00e5pningstider flere dager b\u00e5de i Skisenteret og i Vinterland, Telemark Wintertour er tilbake med morsomme aktiviteter b\u00e5de for store og sm\u00e5, den tradisjonelle akekonkurransen Lifjell Grand Prix og sist men ikke minst er vi glad for \u00e5 kunne \u00f8nske B\u00f8-bandet Ugras tilbake til Lifjell og afterski l\u00f8rdag 22.februar.\u00a0\" \/>\n<meta name=\"robots\" content=\"index, follow, max-snippet:-1, max-image-preview:large, max-video-preview:-1\" \/>\n<link rel=\"canonical\" href=\"https:\/\/visitbo.no\/lifjell\/vinterferien-pa-lifjell-2025\/\" \/>\n<meta property=\"og:locale\" content=\"nb_NO\" \/>\n<meta property=\"og:type\" content=\"article\" \/>\n<meta property=\"og:title\" content=\"Vinterferien p\u00e5 Lifjell 2025 - Lifjell\" \/>\n<meta property=\"og:description\" content=\"Vinterferieprogrammet (uke 8) er klart. Her blir det virkelig noe for enhver smak. Nyheter i \u00e5r er et uformelt storslal\u00e5mrenn for hele familien i Skisenteret s\u00f8ndag 16.februar og hopp med landingspute (jumpbag) i Vinterland l\u00f8rdag 22.februar. I tillegg har vi utvidede \u00e5pningstider flere dager b\u00e5de i Skisenteret og i Vinterland, Telemark Wintertour er tilbake med morsomme aktiviteter b\u00e5de for store og sm\u00e5, den tradisjonelle akekonkurransen Lifjell Grand Prix og sist men ikke minst er vi glad for \u00e5 kunne \u00f8nske B\u00f8-bandet Ugras tilbake til Lifjell og afterski l\u00f8rdag 22.februar.\u00a0\" \/>\n<meta property=\"og:url\" content=\"https:\/\/visitbo.no\/lifjell\/vinterferien-pa-lifjell-2025\/\" \/>\n<meta property=\"og:site_name\" content=\"Lifjell\" \/>\n<meta property=\"article:published_time\" content=\"2025-02-04T09:50:37+00:00\" \/>\n<meta property=\"og:image\" content=\"https:\/\/visitbo.no\/lifjell\/wp-content\/uploads\/sites\/48\/2025\/02\/Plakat_vinterferie2025-red.jpg\" \/>\n\t<meta property=\"og:image:width\" content=\"1417\" \/>\n\t<meta property=\"og:image:height\" content=\"1984\" \/>\n\t<meta property=\"og:image:type\" content=\"image\/jpeg\" \/>\n<meta name=\"author\" content=\"perhanstad\" \/>\n<meta name=\"twitter:card\" content=\"summary_large_image\" \/>\n<meta name=\"twitter:label1\" content=\"Skrevet av\" \/>\n\t<meta name=\"twitter:data1\" content=\"perhanstad\" \/>\n\t<meta name=\"twitter:label2\" content=\"Ansl. lesetid\" \/>\n\t<meta name=\"twitter:data2\" content=\"1 minutt\" \/>\n<script type=\"application\/ld+json\" class=\"yoast-schema-graph\">{\"@context\":\"https:\/\/schema.org\",\"@graph\":[{\"@type\":\"Article\",\"@id\":\"https:\/\/visitbo.no\/lifjell\/vinterferien-pa-lifjell-2025\/#article\",\"isPartOf\":{\"@id\":\"https:\/\/visitbo.no\/lifjell\/vinterferien-pa-lifjell-2025\/\"},\"author\":{\"name\":\"perhanstad\",\"@id\":\"https:\/\/visitbo.no\/lifjell\/#\/schema\/person\/85ec6e8339581c9296d3ac3708de174e\"},\"headline\":\"Vinterferien p\u00e5 Lifjell 2025\",\"datePublished\":\"2025-02-04T09:50:37+00:00\",\"mainEntityOfPage\":{\"@id\":\"https:\/\/visitbo.no\/lifjell\/vinterferien-pa-lifjell-2025\/\"},\"wordCount\":105,\"image\":{\"@id\":\"https:\/\/visitbo.no\/lifjell\/vinterferien-pa-lifjell-2025\/#primaryimage\"},\"thumbnailUrl\":\"https:\/\/visitbo.no\/lifjell\/wp-content\/uploads\/sites\/48\/2025\/02\/Plakat_vinterferie2025-red.jpg\",\"articleSection\":[\"Nyheter\"],\"inLanguage\":\"nb-NO\"},{\"@type\":\"WebPage\",\"@id\":\"https:\/\/visitbo.no\/lifjell\/vinterferien-pa-lifjell-2025\/\",\"url\":\"https:\/\/visitbo.no\/lifjell\/vinterferien-pa-lifjell-2025\/\",\"name\":\"Vinterferien p\u00e5 Lifjell 2025 - Lifjell\",\"isPartOf\":{\"@id\":\"https:\/\/visitbo.no\/lifjell\/#website\"},\"primaryImageOfPage\":{\"@id\":\"https:\/\/visitbo.no\/lifjell\/vinterferien-pa-lifjell-2025\/#primaryimage\"},\"image\":{\"@id\":\"https:\/\/visitbo.no\/lifjell\/vinterferien-pa-lifjell-2025\/#primaryimage\"},\"thumbnailUrl\":\"https:\/\/visitbo.no\/lifjell\/wp-content\/uploads\/sites\/48\/2025\/02\/Plakat_vinterferie2025-red.jpg\",\"datePublished\":\"2025-02-04T09:50:37+00:00\",\"author\":{\"@id\":\"https:\/\/visitbo.no\/lifjell\/#\/schema\/person\/85ec6e8339581c9296d3ac3708de174e\"},\"description\":\"Vinterferieprogrammet (uke 8) er klart. Her blir det virkelig noe for enhver smak. Nyheter i \u00e5r er et uformelt storslal\u00e5mrenn for hele familien i Skisenteret s\u00f8ndag 16.februar og hopp med landingspute (jumpbag) i Vinterland l\u00f8rdag 22.februar. I tillegg har vi utvidede \u00e5pningstider flere dager b\u00e5de i Skisenteret og i Vinterland, Telemark Wintertour er tilbake med morsomme aktiviteter b\u00e5de for store og sm\u00e5, den tradisjonelle akekonkurransen Lifjell Grand Prix og sist men ikke minst er vi glad for \u00e5 kunne \u00f8nske B\u00f8-bandet Ugras tilbake til Lifjell og afterski l\u00f8rdag 22.februar.\u00a0\",\"breadcrumb\":{\"@id\":\"https:\/\/visitbo.no\/lifjell\/vinterferien-pa-lifjell-2025\/#breadcrumb\"},\"inLanguage\":\"nb-NO\",\"potentialAction\":[{\"@type\":\"ReadAction\",\"target\":[\"https:\/\/visitbo.no\/lifjell\/vinterferien-pa-lifjell-2025\/\"]}]},{\"@type\":\"ImageObject\",\"inLanguage\":\"nb-NO\",\"@id\":\"https:\/\/visitbo.no\/lifjell\/vinterferien-pa-lifjell-2025\/#primaryimage\",\"url\":\"https:\/\/visitbo.no\/lifjell\/wp-content\/uploads\/sites\/48\/2025\/02\/Plakat_vinterferie2025-red.jpg\",\"contentUrl\":\"https:\/\/visitbo.no\/lifjell\/wp-content\/uploads\/sites\/48\/2025\/02\/Plakat_vinterferie2025-red.jpg\",\"width\":1417,\"height\":1984},{\"@type\":\"BreadcrumbList\",\"@id\":\"https:\/\/visitbo.no\/lifjell\/vinterferien-pa-lifjell-2025\/#breadcrumb\",\"itemListElement\":[{\"@type\":\"ListItem\",\"position\":1,\"name\":\"Hjem\",\"item\":\"https:\/\/visitbo.no\/lifjell\/\"},{\"@type\":\"ListItem\",\"position\":2,\"name\":\"Nyheter\",\"item\":\"https:\/\/visitbo.no\/lifjell\/blog\/aktuelt\/nyheter\/\"},{\"@type\":\"ListItem\",\"position\":3,\"name\":\"Vinterferien p\u00e5 Lifjell 2025\"}]},{\"@type\":\"WebSite\",\"@id\":\"https:\/\/visitbo.no\/lifjell\/#website\",\"url\":\"https:\/\/visitbo.no\/lifjell\/\",\"name\":\"Lifjell\",\"description\":\"One online experience - for everything your destination has to offer.\",\"potentialAction\":[{\"@type\":\"SearchAction\",\"target\":{\"@type\":\"EntryPoint\",\"urlTemplate\":\"https:\/\/visitbo.no\/lifjell\/?s={search_term_string}\"},\"query-input\":{\"@type\":\"PropertyValueSpecification\",\"valueRequired\":true,\"valueName\":\"search_term_string\"}}],\"inLanguage\":\"nb-NO\"},{\"@type\":\"Person\",\"@id\":\"https:\/\/visitbo.no\/lifjell\/#\/schema\/person\/85ec6e8339581c9296d3ac3708de174e\",\"name\":\"perhanstad\",\"image\":{\"@type\":\"ImageObject\",\"inLanguage\":\"nb-NO\",\"@id\":\"https:\/\/secure.gravatar.com\/avatar\/e53f85f933c278fd28c5c14d034346dafaab9173cd0cad1f4f3de55b474a4a5e?s=96&d=mm&r=g\",\"url\":\"https:\/\/secure.gravatar.com\/avatar\/e53f85f933c278fd28c5c14d034346dafaab9173cd0cad1f4f3de55b474a4a5e?s=96&d=mm&r=g\",\"contentUrl\":\"https:\/\/secure.gravatar.com\/avatar\/e53f85f933c278fd28c5c14d034346dafaab9173cd0cad1f4f3de55b474a4a5e?s=96&d=mm&r=g\",\"caption\":\"perhanstad\"},\"url\":\"https:\/\/visitbo.no\/lifjell\/author\/perhanstad\/\"}]}<\/script>\n<!-- \/ Yoast SEO plugin. -->","yoast_head_json":{"title":"Vinterferien p\u00e5 Lifjell 2025 - Lifjell","description":"Vinterferieprogrammet (uke 8) er klart. Her blir det virkelig noe for enhver smak. Nyheter i \u00e5r er et uformelt storslal\u00e5mrenn for hele familien i Skisenteret s\u00f8ndag 16.februar og hopp med landingspute (jumpbag) i Vinterland l\u00f8rdag 22.februar. I tillegg har vi utvidede \u00e5pningstider flere dager b\u00e5de i Skisenteret og i Vinterland, Telemark Wintertour er tilbake med morsomme aktiviteter b\u00e5de for store og sm\u00e5, den tradisjonelle akekonkurransen Lifjell Grand Prix og sist men ikke minst er vi glad for \u00e5 kunne \u00f8nske B\u00f8-bandet Ugras tilbake til Lifjell og afterski l\u00f8rdag 22.februar.\u00a0","robots":{"index":"index","follow":"follow","max-snippet":"max-snippet:-1","max-image-preview":"max-image-preview:large","max-video-preview":"max-video-preview:-1"},"canonical":"https:\/\/visitbo.no\/lifjell\/vinterferien-pa-lifjell-2025\/","og_locale":"nb_NO","og_type":"article","og_title":"Vinterferien p\u00e5 Lifjell 2025 - Lifjell","og_description":"Vinterferieprogrammet (uke 8) er klart. Her blir det virkelig noe for enhver smak. Nyheter i \u00e5r er et uformelt storslal\u00e5mrenn for hele familien i Skisenteret s\u00f8ndag 16.februar og hopp med landingspute (jumpbag) i Vinterland l\u00f8rdag 22.februar. I tillegg har vi utvidede \u00e5pningstider flere dager b\u00e5de i Skisenteret og i Vinterland, Telemark Wintertour er tilbake med morsomme aktiviteter b\u00e5de for store og sm\u00e5, den tradisjonelle akekonkurransen Lifjell Grand Prix og sist men ikke minst er vi glad for \u00e5 kunne \u00f8nske B\u00f8-bandet Ugras tilbake til Lifjell og afterski l\u00f8rdag 22.februar.\u00a0","og_url":"https:\/\/visitbo.no\/lifjell\/vinterferien-pa-lifjell-2025\/","og_site_name":"Lifjell","article_published_time":"2025-02-04T09:50:37+00:00","og_image":[{"width":1417,"height":1984,"url":"https:\/\/visitbo.no\/lifjell\/wp-content\/uploads\/sites\/48\/2025\/02\/Plakat_vinterferie2025-red.jpg","type":"image\/jpeg"}],"author":"perhanstad","twitter_card":"summary_large_image","twitter_misc":{"Skrevet av":"perhanstad","Ansl. lesetid":"1 minutt"},"schema":{"@context":"https:\/\/schema.org","@graph":[{"@type":"Article","@id":"https:\/\/visitbo.no\/lifjell\/vinterferien-pa-lifjell-2025\/#article","isPartOf":{"@id":"https:\/\/visitbo.no\/lifjell\/vinterferien-pa-lifjell-2025\/"},"author":{"name":"perhanstad","@id":"https:\/\/visitbo.no\/lifjell\/#\/schema\/person\/85ec6e8339581c9296d3ac3708de174e"},"headline":"Vinterferien p\u00e5 Lifjell 2025","datePublished":"2025-02-04T09:50:37+00:00","mainEntityOfPage":{"@id":"https:\/\/visitbo.no\/lifjell\/vinterferien-pa-lifjell-2025\/"},"wordCount":105,"image":{"@id":"https:\/\/visitbo.no\/lifjell\/vinterferien-pa-lifjell-2025\/#primaryimage"},"thumbnailUrl":"https:\/\/visitbo.no\/lifjell\/wp-content\/uploads\/sites\/48\/2025\/02\/Plakat_vinterferie2025-red.jpg","articleSection":["Nyheter"],"inLanguage":"nb-NO"},{"@type":"WebPage","@id":"https:\/\/visitbo.no\/lifjell\/vinterferien-pa-lifjell-2025\/","url":"https:\/\/visitbo.no\/lifjell\/vinterferien-pa-lifjell-2025\/","name":"Vinterferien p\u00e5 Lifjell 2025 - Lifjell","isPartOf":{"@id":"https:\/\/visitbo.no\/lifjell\/#website"},"primaryImageOfPage":{"@id":"https:\/\/visitbo.no\/lifjell\/vinterferien-pa-lifjell-2025\/#primaryimage"},"image":{"@id":"https:\/\/visitbo.no\/lifjell\/vinterferien-pa-lifjell-2025\/#primaryimage"},"thumbnailUrl":"https:\/\/visitbo.no\/lifjell\/wp-content\/uploads\/sites\/48\/2025\/02\/Plakat_vinterferie2025-red.jpg","datePublished":"2025-02-04T09:50:37+00:00","author":{"@id":"https:\/\/visitbo.no\/lifjell\/#\/schema\/person\/85ec6e8339581c9296d3ac3708de174e"},"description":"Vinterferieprogrammet (uke 8) er klart. Her blir det virkelig noe for enhver smak. Nyheter i \u00e5r er et uformelt storslal\u00e5mrenn for hele familien i Skisenteret s\u00f8ndag 16.februar og hopp med landingspute (jumpbag) i Vinterland l\u00f8rdag 22.februar. I tillegg har vi utvidede \u00e5pningstider flere dager b\u00e5de i Skisenteret og i Vinterland, Telemark Wintertour er tilbake med morsomme aktiviteter b\u00e5de for store og sm\u00e5, den tradisjonelle akekonkurransen Lifjell Grand Prix og sist men ikke minst er vi glad for \u00e5 kunne \u00f8nske B\u00f8-bandet Ugras tilbake til Lifjell og afterski l\u00f8rdag 22.februar.\u00a0","breadcrumb":{"@id":"https:\/\/visitbo.no\/lifjell\/vinterferien-pa-lifjell-2025\/#breadcrumb"},"inLanguage":"nb-NO","potentialAction":[{"@type":"ReadAction","target":["https:\/\/visitbo.no\/lifjell\/vinterferien-pa-lifjell-2025\/"]}]},{"@type":"ImageObject","inLanguage":"nb-NO","@id":"https:\/\/visitbo.no\/lifjell\/vinterferien-pa-lifjell-2025\/#primaryimage","url":"https:\/\/visitbo.no\/lifjell\/wp-content\/uploads\/sites\/48\/2025\/02\/Plakat_vinterferie2025-red.jpg","contentUrl":"https:\/\/visitbo.no\/lifjell\/wp-content\/uploads\/sites\/48\/2025\/02\/Plakat_vinterferie2025-red.jpg","width":1417,"height":1984},{"@type":"BreadcrumbList","@id":"https:\/\/visitbo.no\/lifjell\/vinterferien-pa-lifjell-2025\/#breadcrumb","itemListElement":[{"@type":"ListItem","position":1,"name":"Hjem","item":"https:\/\/visitbo.no\/lifjell\/"},{"@type":"ListItem","position":2,"name":"Nyheter","item":"https:\/\/visitbo.no\/lifjell\/blog\/aktuelt\/nyheter\/"},{"@type":"ListItem","position":3,"name":"Vinterferien p\u00e5 Lifjell 2025"}]},{"@type":"WebSite","@id":"https:\/\/visitbo.no\/lifjell\/#website","url":"https:\/\/visitbo.no\/lifjell\/","name":"Lifjell","description":"One online experience - for everything your destination has to offer.","potentialAction":[{"@type":"SearchAction","target":{"@type":"EntryPoint","urlTemplate":"https:\/\/visitbo.no\/lifjell\/?s={search_term_string}"},"query-input":{"@type":"PropertyValueSpecification","valueRequired":true,"valueName":"search_term_string"}}],"inLanguage":"nb-NO"},{"@type":"Person","@id":"https:\/\/visitbo.no\/lifjell\/#\/schema\/person\/85ec6e8339581c9296d3ac3708de174e","name":"perhanstad","image":{"@type":"ImageObject","inLanguage":"nb-NO","@id":"https:\/\/secure.gravatar.com\/avatar\/e53f85f933c278fd28c5c14d034346dafaab9173cd0cad1f4f3de55b474a4a5e?s=96&d=mm&r=g","url":"https:\/\/secure.gravatar.com\/avatar\/e53f85f933c278fd28c5c14d034346dafaab9173cd0cad1f4f3de55b474a4a5e?s=96&d=mm&r=g","contentUrl":"https:\/\/secure.gravatar.com\/avatar\/e53f85f933c278fd28c5c14d034346dafaab9173cd0cad1f4f3de55b474a4a5e?s=96&d=mm&r=g","caption":"perhanstad"},"url":"https:\/\/visitbo.no\/lifjell\/author\/perhanstad\/"}]}},"_links":{"self":[{"href":"https:\/\/visitbo.no\/lifjell\/wp-json\/wp\/v2\/posts\/11035","targetHints":{"allow":["GET"]}}],"collection":[{"href":"https:\/\/visitbo.no\/lifjell\/wp-json\/wp\/v2\/posts"}],"about":[{"href":"https:\/\/visitbo.no\/lifjell\/wp-json\/wp\/v2\/types\/post"}],"author":[{"embeddable":true,"href":"https:\/\/visitbo.no\/lifjell\/wp-json\/wp\/v2\/users\/45"}],"replies":[{"embeddable":true,"href":"https:\/\/visitbo.no\/lifjell\/wp-json\/wp\/v2\/comments?post=11035"}],"version-history":[{"count":1,"href":"https:\/\/visitbo.no\/lifjell\/wp-json\/wp\/v2\/posts\/11035\/revisions"}],"predecessor-version":[{"id":11038,"href":"https:\/\/visitbo.no\/lifjell\/wp-json\/wp\/v2\/posts\/11035\/revisions\/11038"}],"wp:featuredmedia":[{"embeddable":true,"href":"https:\/\/visitbo.no\/lifjell\/wp-json\/wp\/v2\/media\/11036"}],"wp:attachment":[{"href":"https:\/\/visitbo.no\/lifjell\/wp-json\/wp\/v2\/media?parent=11035"}],"wp:term":[{"taxonomy":"category","embeddable":true,"href":"https:\/\/visitbo.no\/lifjell\/wp-json\/wp\/v2\/categories?post=11035"},{"taxonomy":"post_tag","embeddable":true,"href":"https:\/\/visitbo.no\/lifjell\/wp-json\/wp\/v2\/tags?post=11035"}],"curies":[{"name":"wp","href":"https:\/\/api.w.org\/{rel}","templated":true}]}}