{"id":9141,"date":"2023-12-20T14:40:56","date_gmt":"2023-12-20T13:40:56","guid":{"rendered":"https:\/\/visitbo.no\/lifjell\/?p=9141"},"modified":"2023-12-20T15:02:49","modified_gmt":"2023-12-20T14:02:49","slug":"julen-pa-lifjell","status":"publish","type":"post","link":"https:\/\/visitbo.no\/lifjell\/julen-pa-lifjell\/","title":{"rendered":"Julen p\u00e5 Lifjell"},"content":{"rendered":"<p>Vi gleder oss til \u00e5 ta i mot alle v\u00e5re julegjester p\u00e5 Lifjell. Vinteren kom tidlig i \u00e5r og det er meldt mer sn\u00f8 og kalde fine dager frem til nytt\u00e5r. Alt ligger derfor til rette for en flott juleferie p\u00e5 Lifjell. Det er \u00e5pent b\u00e5de i Skisenteret og i Vinterland <strong>l\u00f8rdag 23.12 fra 10-16<\/strong>. (Stengt julaften og 1.juledag) Fra <strong>2.juledag(26.12)<\/strong> til <strong>1.januar<\/strong> er det \u00e5pent hver dag fra <strong>kl 10-16<\/strong> b\u00e5de i Skisenteret og i Vinterland. Vi kan love veldig bra forhold i bakkene.<\/p>\n<p><a href=\"\/lifjellstua\" target=\"_blank\" rel=\"noopener\"><strong>Lifjellstua<\/strong><\/a> holder \u00e5pent for servering av lunsj\/middag fra 12 til 21 fra <strong>2.juledag<\/strong> til <strong>30.desember.<\/strong> Lifjellstua arrangerer <strong>minikonsert med Ninni Gudmundson 27.12.kl 16<\/strong> og <strong>Julequiz 28.12 kl 20<\/strong>. Det anbefales \u00e5 bestille bord (Tlf. 35 95 33 80)<\/p>\n<p><strong>Fjellbutikken p\u00e5 Lifjelltunet<\/strong> er \u00e5pen hver dag fra 10-16 i romjulen.<\/p>\n<p>Langrennsl\u00f8ypene kj\u00f8res opp hver dag i juleferien. Oppdatert informasjon p\u00e5 <strong>skisporet.no\/lifjell<\/strong><\/p>\n<h5>Velkommen til juleferie p\u00e5 Lifjell!<\/h5>\n","protected":false},"excerpt":{"rendered":"<p>Vi gleder oss til \u00e5 ta i mot alle v\u00e5re julegjester p\u00e5 Lifjell. Vinteren kom tidlig i \u00e5r og det er meldt mer sn\u00f8 og kalde fine dager frem til nytt\u00e5r. Alt ligger derfor til rette for en flott juleferie p\u00e5 Lifjell. Det er \u00e5pent b\u00e5de i Skisenteret og i Vinterland l\u00f8rdag 23.12 fra 10-16. (Stengt julaften og 1.juledag) Fra &#8230; <\/p>\n<div><a href=\"https:\/\/visitbo.no\/lifjell\/julen-pa-lifjell\/\" class=\"more-link\">Read More<\/a><\/div>\n","protected":false},"author":45,"featured_media":9181,"comment_status":"closed","ping_status":"closed","sticky":false,"template":"","format":"standard","meta":{"_relevanssi_hide_post":"","_relevanssi_hide_content":"","_relevanssi_pin_for_all":"","_relevanssi_pin_keywords":"","_relevanssi_unpin_keywords":"","_relevanssi_related_keywords":"","_relevanssi_related_include_ids":"","_relevanssi_related_exclude_ids":"","_relevanssi_related_no_append":"","_relevanssi_related_not_related":"","_relevanssi_related_posts":"","_relevanssi_noindex_reason":"","footnotes":""},"categories":[8],"tags":[],"class_list":["post-9141","post","type-post","status-publish","format-standard","has-post-thumbnail","hentry","category-nyheter"],"yoast_head":"<!-- This site is optimized with the Yoast SEO plugin v27.2 - https:\/\/yoast.com\/product\/yoast-seo-wordpress\/ -->\n<title>Julen p\u00e5 Lifjell - Lifjell<\/title>\n<meta name=\"description\" content=\"Vi gleder oss til \u00e5 ta i mot alle v\u00e5re julegjester p\u00e5 Lifjell. Vinteren kom tidlig i \u00e5r og det er meldt mer sn\u00f8 og kalde fine dager frem til nytt\u00e5r. Alt ligger derfor til rette for en flott juleferie p\u00e5 Lifjell. Det er \u00e5pent b\u00e5de i Skisenteret og i Vinterland l\u00f8rdag 23.12. (Stengt julaften og 1.juledag) Fra 2.juledag(26.12) til 1.januar er det \u00e5pent hver dag fra kl 10-16 b\u00e5de i Skisenteret og i Vinterland. Vi kan love veldig bra forhold i bakkene.Lifjellstua holder \u00e5pent for servering av lunsj\/middag fra 12 til 21 fra 2.juledag til 30.desember. Lifjellstua arrangerer minikonsert med Ninni Gudmundson 27.12.kl 16 og Julequiz 28.12 kl 20. Det anbefales \u00e5 bestille bord (Tlf. 35 95 33 80)Fjellbutikken p\u00e5 Lifjelltunet er \u00e5pen hver dag fra 10-16 i romjulen.Langrennsl\u00f8ypene kj\u00f8res opp hver dag i juleferien. Oppdatert informasjon p\u00e5 skisporet.no\/lifjellVelkommen til juleferie p\u00e5 Lifjell!\" \/>\n<meta name=\"robots\" content=\"index, follow, max-snippet:-1, max-image-preview:large, max-video-preview:-1\" \/>\n<link rel=\"canonical\" href=\"https:\/\/visitbo.no\/lifjell\/julen-pa-lifjell\/\" \/>\n<meta property=\"og:locale\" content=\"nb_NO\" \/>\n<meta property=\"og:type\" content=\"article\" \/>\n<meta property=\"og:title\" content=\"Julen p\u00e5 Lifjell - Lifjell\" \/>\n<meta property=\"og:description\" content=\"Vi gleder oss til \u00e5 ta i mot alle v\u00e5re julegjester p\u00e5 Lifjell. Vinteren kom tidlig i \u00e5r og det er meldt mer sn\u00f8 og kalde fine dager frem til nytt\u00e5r. Alt ligger derfor til rette for en flott juleferie p\u00e5 Lifjell. Det er \u00e5pent b\u00e5de i Skisenteret og i Vinterland l\u00f8rdag 23.12. (Stengt julaften og 1.juledag) Fra 2.juledag(26.12) til 1.januar er det \u00e5pent hver dag fra kl 10-16 b\u00e5de i Skisenteret og i Vinterland. Vi kan love veldig bra forhold i bakkene.Lifjellstua holder \u00e5pent for servering av lunsj\/middag fra 12 til 21 fra 2.juledag til 30.desember. Lifjellstua arrangerer minikonsert med Ninni Gudmundson 27.12.kl 16 og Julequiz 28.12 kl 20. Det anbefales \u00e5 bestille bord (Tlf. 35 95 33 80)Fjellbutikken p\u00e5 Lifjelltunet er \u00e5pen hver dag fra 10-16 i romjulen.Langrennsl\u00f8ypene kj\u00f8res opp hver dag i juleferien. Oppdatert informasjon p\u00e5 skisporet.no\/lifjellVelkommen til juleferie p\u00e5 Lifjell!\" \/>\n<meta property=\"og:url\" content=\"https:\/\/visitbo.no\/lifjell\/julen-pa-lifjell\/\" \/>\n<meta property=\"og:site_name\" content=\"Lifjell\" \/>\n<meta property=\"article:published_time\" content=\"2023-12-20T13:40:56+00:00\" \/>\n<meta property=\"article:modified_time\" content=\"2023-12-20T14:02:49+00:00\" \/>\n<meta property=\"og:image\" content=\"https:\/\/visitbo.no\/lifjell\/wp-content\/uploads\/sites\/48\/2022\/01\/topptur-2-scaled.jpg\" \/>\n\t<meta property=\"og:image:width\" content=\"2560\" \/>\n\t<meta property=\"og:image:height\" content=\"1550\" \/>\n\t<meta property=\"og:image:type\" content=\"image\/jpeg\" \/>\n<meta name=\"author\" content=\"perhanstad\" \/>\n<meta name=\"twitter:card\" content=\"summary_large_image\" \/>\n<meta name=\"twitter:label1\" content=\"Skrevet av\" \/>\n\t<meta name=\"twitter:data1\" content=\"perhanstad\" \/>\n\t<meta name=\"twitter:label2\" content=\"Ansl. lesetid\" \/>\n\t<meta name=\"twitter:data2\" content=\"1 minutt\" \/>\n<script type=\"application\/ld+json\" class=\"yoast-schema-graph\">{\"@context\":\"https:\/\/schema.org\",\"@graph\":[{\"@type\":\"Article\",\"@id\":\"https:\/\/visitbo.no\/lifjell\/julen-pa-lifjell\/#article\",\"isPartOf\":{\"@id\":\"https:\/\/visitbo.no\/lifjell\/julen-pa-lifjell\/\"},\"author\":{\"name\":\"perhanstad\",\"@id\":\"https:\/\/visitbo.no\/lifjell\/#\/schema\/person\/85ec6e8339581c9296d3ac3708de174e\"},\"headline\":\"Julen p\u00e5 Lifjell\",\"datePublished\":\"2023-12-20T13:40:56+00:00\",\"dateModified\":\"2023-12-20T14:02:49+00:00\",\"mainEntityOfPage\":{\"@id\":\"https:\/\/visitbo.no\/lifjell\/julen-pa-lifjell\/\"},\"wordCount\":151,\"image\":{\"@id\":\"https:\/\/visitbo.no\/lifjell\/julen-pa-lifjell\/#primaryimage\"},\"thumbnailUrl\":\"https:\/\/visitbo.no\/lifjell\/wp-content\/uploads\/sites\/48\/2022\/01\/topptur-2-scaled.jpg\",\"articleSection\":[\"Nyheter\"],\"inLanguage\":\"nb-NO\"},{\"@type\":\"WebPage\",\"@id\":\"https:\/\/visitbo.no\/lifjell\/julen-pa-lifjell\/\",\"url\":\"https:\/\/visitbo.no\/lifjell\/julen-pa-lifjell\/\",\"name\":\"Julen p\u00e5 Lifjell - Lifjell\",\"isPartOf\":{\"@id\":\"https:\/\/visitbo.no\/lifjell\/#website\"},\"primaryImageOfPage\":{\"@id\":\"https:\/\/visitbo.no\/lifjell\/julen-pa-lifjell\/#primaryimage\"},\"image\":{\"@id\":\"https:\/\/visitbo.no\/lifjell\/julen-pa-lifjell\/#primaryimage\"},\"thumbnailUrl\":\"https:\/\/visitbo.no\/lifjell\/wp-content\/uploads\/sites\/48\/2022\/01\/topptur-2-scaled.jpg\",\"datePublished\":\"2023-12-20T13:40:56+00:00\",\"dateModified\":\"2023-12-20T14:02:49+00:00\",\"author\":{\"@id\":\"https:\/\/visitbo.no\/lifjell\/#\/schema\/person\/85ec6e8339581c9296d3ac3708de174e\"},\"description\":\"Vi gleder oss til \u00e5 ta i mot alle v\u00e5re julegjester p\u00e5 Lifjell. Vinteren kom tidlig i \u00e5r og det er meldt mer sn\u00f8 og kalde fine dager frem til nytt\u00e5r. Alt ligger derfor til rette for en flott juleferie p\u00e5 Lifjell. Det er \u00e5pent b\u00e5de i Skisenteret og i Vinterland l\u00f8rdag 23.12. (Stengt julaften og 1.juledag) Fra 2.juledag(26.12) til 1.januar er det \u00e5pent hver dag fra kl 10-16 b\u00e5de i Skisenteret og i Vinterland. Vi kan love veldig bra forhold i bakkene.Lifjellstua holder \u00e5pent for servering av lunsj\/middag fra 12 til 21 fra 2.juledag til 30.desember. Lifjellstua arrangerer minikonsert med Ninni Gudmundson 27.12.kl 16 og Julequiz 28.12 kl 20. Det anbefales \u00e5 bestille bord (Tlf. 35 95 33 80)Fjellbutikken p\u00e5 Lifjelltunet er \u00e5pen hver dag fra 10-16 i romjulen.Langrennsl\u00f8ypene kj\u00f8res opp hver dag i juleferien. Oppdatert informasjon p\u00e5 skisporet.no\/lifjellVelkommen til juleferie p\u00e5 Lifjell!\",\"breadcrumb\":{\"@id\":\"https:\/\/visitbo.no\/lifjell\/julen-pa-lifjell\/#breadcrumb\"},\"inLanguage\":\"nb-NO\",\"potentialAction\":[{\"@type\":\"ReadAction\",\"target\":[\"https:\/\/visitbo.no\/lifjell\/julen-pa-lifjell\/\"]}]},{\"@type\":\"ImageObject\",\"inLanguage\":\"nb-NO\",\"@id\":\"https:\/\/visitbo.no\/lifjell\/julen-pa-lifjell\/#primaryimage\",\"url\":\"https:\/\/visitbo.no\/lifjell\/wp-content\/uploads\/sites\/48\/2022\/01\/topptur-2-scaled.jpg\",\"contentUrl\":\"https:\/\/visitbo.no\/lifjell\/wp-content\/uploads\/sites\/48\/2022\/01\/topptur-2-scaled.jpg\",\"width\":2560,\"height\":1550},{\"@type\":\"BreadcrumbList\",\"@id\":\"https:\/\/visitbo.no\/lifjell\/julen-pa-lifjell\/#breadcrumb\",\"itemListElement\":[{\"@type\":\"ListItem\",\"position\":1,\"name\":\"Hjem\",\"item\":\"https:\/\/visitbo.no\/lifjell\/\"},{\"@type\":\"ListItem\",\"position\":2,\"name\":\"Julen p\u00e5 Lifjell\"}]},{\"@type\":\"WebSite\",\"@id\":\"https:\/\/visitbo.no\/lifjell\/#website\",\"url\":\"https:\/\/visitbo.no\/lifjell\/\",\"name\":\"Lifjell\",\"description\":\"One online experience - for everything your destination has to offer.\",\"potentialAction\":[{\"@type\":\"SearchAction\",\"target\":{\"@type\":\"EntryPoint\",\"urlTemplate\":\"https:\/\/visitbo.no\/lifjell\/?s={search_term_string}\"},\"query-input\":{\"@type\":\"PropertyValueSpecification\",\"valueRequired\":true,\"valueName\":\"search_term_string\"}}],\"inLanguage\":\"nb-NO\"},{\"@type\":\"Person\",\"@id\":\"https:\/\/visitbo.no\/lifjell\/#\/schema\/person\/85ec6e8339581c9296d3ac3708de174e\",\"name\":\"perhanstad\",\"image\":{\"@type\":\"ImageObject\",\"inLanguage\":\"nb-NO\",\"@id\":\"https:\/\/secure.gravatar.com\/avatar\/e53f85f933c278fd28c5c14d034346dafaab9173cd0cad1f4f3de55b474a4a5e?s=96&d=mm&r=g\",\"url\":\"https:\/\/secure.gravatar.com\/avatar\/e53f85f933c278fd28c5c14d034346dafaab9173cd0cad1f4f3de55b474a4a5e?s=96&d=mm&r=g\",\"contentUrl\":\"https:\/\/secure.gravatar.com\/avatar\/e53f85f933c278fd28c5c14d034346dafaab9173cd0cad1f4f3de55b474a4a5e?s=96&d=mm&r=g\",\"caption\":\"perhanstad\"},\"url\":\"https:\/\/visitbo.no\/lifjell\/author\/perhanstad\/\"}]}<\/script>\n<!-- \/ Yoast SEO plugin. -->","yoast_head_json":{"title":"Julen p\u00e5 Lifjell - Lifjell","description":"Vi gleder oss til \u00e5 ta i mot alle v\u00e5re julegjester p\u00e5 Lifjell. Vinteren kom tidlig i \u00e5r og det er meldt mer sn\u00f8 og kalde fine dager frem til nytt\u00e5r. Alt ligger derfor til rette for en flott juleferie p\u00e5 Lifjell. Det er \u00e5pent b\u00e5de i Skisenteret og i Vinterland l\u00f8rdag 23.12. (Stengt julaften og 1.juledag) Fra 2.juledag(26.12) til 1.januar er det \u00e5pent hver dag fra kl 10-16 b\u00e5de i Skisenteret og i Vinterland. Vi kan love veldig bra forhold i bakkene.Lifjellstua holder \u00e5pent for servering av lunsj\/middag fra 12 til 21 fra 2.juledag til 30.desember. Lifjellstua arrangerer minikonsert med Ninni Gudmundson 27.12.kl 16 og Julequiz 28.12 kl 20. Det anbefales \u00e5 bestille bord (Tlf. 35 95 33 80)Fjellbutikken p\u00e5 Lifjelltunet er \u00e5pen hver dag fra 10-16 i romjulen.Langrennsl\u00f8ypene kj\u00f8res opp hver dag i juleferien. Oppdatert informasjon p\u00e5 skisporet.no\/lifjellVelkommen til juleferie p\u00e5 Lifjell!","robots":{"index":"index","follow":"follow","max-snippet":"max-snippet:-1","max-image-preview":"max-image-preview:large","max-video-preview":"max-video-preview:-1"},"canonical":"https:\/\/visitbo.no\/lifjell\/julen-pa-lifjell\/","og_locale":"nb_NO","og_type":"article","og_title":"Julen p\u00e5 Lifjell - Lifjell","og_description":"Vi gleder oss til \u00e5 ta i mot alle v\u00e5re julegjester p\u00e5 Lifjell. Vinteren kom tidlig i \u00e5r og det er meldt mer sn\u00f8 og kalde fine dager frem til nytt\u00e5r. Alt ligger derfor til rette for en flott juleferie p\u00e5 Lifjell. Det er \u00e5pent b\u00e5de i Skisenteret og i Vinterland l\u00f8rdag 23.12. (Stengt julaften og 1.juledag) Fra 2.juledag(26.12) til 1.januar er det \u00e5pent hver dag fra kl 10-16 b\u00e5de i Skisenteret og i Vinterland. Vi kan love veldig bra forhold i bakkene.Lifjellstua holder \u00e5pent for servering av lunsj\/middag fra 12 til 21 fra 2.juledag til 30.desember. Lifjellstua arrangerer minikonsert med Ninni Gudmundson 27.12.kl 16 og Julequiz 28.12 kl 20. Det anbefales \u00e5 bestille bord (Tlf. 35 95 33 80)Fjellbutikken p\u00e5 Lifjelltunet er \u00e5pen hver dag fra 10-16 i romjulen.Langrennsl\u00f8ypene kj\u00f8res opp hver dag i juleferien. Oppdatert informasjon p\u00e5 skisporet.no\/lifjellVelkommen til juleferie p\u00e5 Lifjell!","og_url":"https:\/\/visitbo.no\/lifjell\/julen-pa-lifjell\/","og_site_name":"Lifjell","article_published_time":"2023-12-20T13:40:56+00:00","article_modified_time":"2023-12-20T14:02:49+00:00","og_image":[{"width":2560,"height":1550,"url":"https:\/\/visitbo.no\/lifjell\/wp-content\/uploads\/sites\/48\/2022\/01\/topptur-2-scaled.jpg","type":"image\/jpeg"}],"author":"perhanstad","twitter_card":"summary_large_image","twitter_misc":{"Skrevet av":"perhanstad","Ansl. lesetid":"1 minutt"},"schema":{"@context":"https:\/\/schema.org","@graph":[{"@type":"Article","@id":"https:\/\/visitbo.no\/lifjell\/julen-pa-lifjell\/#article","isPartOf":{"@id":"https:\/\/visitbo.no\/lifjell\/julen-pa-lifjell\/"},"author":{"name":"perhanstad","@id":"https:\/\/visitbo.no\/lifjell\/#\/schema\/person\/85ec6e8339581c9296d3ac3708de174e"},"headline":"Julen p\u00e5 Lifjell","datePublished":"2023-12-20T13:40:56+00:00","dateModified":"2023-12-20T14:02:49+00:00","mainEntityOfPage":{"@id":"https:\/\/visitbo.no\/lifjell\/julen-pa-lifjell\/"},"wordCount":151,"image":{"@id":"https:\/\/visitbo.no\/lifjell\/julen-pa-lifjell\/#primaryimage"},"thumbnailUrl":"https:\/\/visitbo.no\/lifjell\/wp-content\/uploads\/sites\/48\/2022\/01\/topptur-2-scaled.jpg","articleSection":["Nyheter"],"inLanguage":"nb-NO"},{"@type":"WebPage","@id":"https:\/\/visitbo.no\/lifjell\/julen-pa-lifjell\/","url":"https:\/\/visitbo.no\/lifjell\/julen-pa-lifjell\/","name":"Julen p\u00e5 Lifjell - Lifjell","isPartOf":{"@id":"https:\/\/visitbo.no\/lifjell\/#website"},"primaryImageOfPage":{"@id":"https:\/\/visitbo.no\/lifjell\/julen-pa-lifjell\/#primaryimage"},"image":{"@id":"https:\/\/visitbo.no\/lifjell\/julen-pa-lifjell\/#primaryimage"},"thumbnailUrl":"https:\/\/visitbo.no\/lifjell\/wp-content\/uploads\/sites\/48\/2022\/01\/topptur-2-scaled.jpg","datePublished":"2023-12-20T13:40:56+00:00","dateModified":"2023-12-20T14:02:49+00:00","author":{"@id":"https:\/\/visitbo.no\/lifjell\/#\/schema\/person\/85ec6e8339581c9296d3ac3708de174e"},"description":"Vi gleder oss til \u00e5 ta i mot alle v\u00e5re julegjester p\u00e5 Lifjell. Vinteren kom tidlig i \u00e5r og det er meldt mer sn\u00f8 og kalde fine dager frem til nytt\u00e5r. Alt ligger derfor til rette for en flott juleferie p\u00e5 Lifjell. Det er \u00e5pent b\u00e5de i Skisenteret og i Vinterland l\u00f8rdag 23.12. (Stengt julaften og 1.juledag) Fra 2.juledag(26.12) til 1.januar er det \u00e5pent hver dag fra kl 10-16 b\u00e5de i Skisenteret og i Vinterland. Vi kan love veldig bra forhold i bakkene.Lifjellstua holder \u00e5pent for servering av lunsj\/middag fra 12 til 21 fra 2.juledag til 30.desember. Lifjellstua arrangerer minikonsert med Ninni Gudmundson 27.12.kl 16 og Julequiz 28.12 kl 20. Det anbefales \u00e5 bestille bord (Tlf. 35 95 33 80)Fjellbutikken p\u00e5 Lifjelltunet er \u00e5pen hver dag fra 10-16 i romjulen.Langrennsl\u00f8ypene kj\u00f8res opp hver dag i juleferien. Oppdatert informasjon p\u00e5 skisporet.no\/lifjellVelkommen til juleferie p\u00e5 Lifjell!","breadcrumb":{"@id":"https:\/\/visitbo.no\/lifjell\/julen-pa-lifjell\/#breadcrumb"},"inLanguage":"nb-NO","potentialAction":[{"@type":"ReadAction","target":["https:\/\/visitbo.no\/lifjell\/julen-pa-lifjell\/"]}]},{"@type":"ImageObject","inLanguage":"nb-NO","@id":"https:\/\/visitbo.no\/lifjell\/julen-pa-lifjell\/#primaryimage","url":"https:\/\/visitbo.no\/lifjell\/wp-content\/uploads\/sites\/48\/2022\/01\/topptur-2-scaled.jpg","contentUrl":"https:\/\/visitbo.no\/lifjell\/wp-content\/uploads\/sites\/48\/2022\/01\/topptur-2-scaled.jpg","width":2560,"height":1550},{"@type":"BreadcrumbList","@id":"https:\/\/visitbo.no\/lifjell\/julen-pa-lifjell\/#breadcrumb","itemListElement":[{"@type":"ListItem","position":1,"name":"Hjem","item":"https:\/\/visitbo.no\/lifjell\/"},{"@type":"ListItem","position":2,"name":"Julen p\u00e5 Lifjell"}]},{"@type":"WebSite","@id":"https:\/\/visitbo.no\/lifjell\/#website","url":"https:\/\/visitbo.no\/lifjell\/","name":"Lifjell","description":"One online experience - for everything your destination has to offer.","potentialAction":[{"@type":"SearchAction","target":{"@type":"EntryPoint","urlTemplate":"https:\/\/visitbo.no\/lifjell\/?s={search_term_string}"},"query-input":{"@type":"PropertyValueSpecification","valueRequired":true,"valueName":"search_term_string"}}],"inLanguage":"nb-NO"},{"@type":"Person","@id":"https:\/\/visitbo.no\/lifjell\/#\/schema\/person\/85ec6e8339581c9296d3ac3708de174e","name":"perhanstad","image":{"@type":"ImageObject","inLanguage":"nb-NO","@id":"https:\/\/secure.gravatar.com\/avatar\/e53f85f933c278fd28c5c14d034346dafaab9173cd0cad1f4f3de55b474a4a5e?s=96&d=mm&r=g","url":"https:\/\/secure.gravatar.com\/avatar\/e53f85f933c278fd28c5c14d034346dafaab9173cd0cad1f4f3de55b474a4a5e?s=96&d=mm&r=g","contentUrl":"https:\/\/secure.gravatar.com\/avatar\/e53f85f933c278fd28c5c14d034346dafaab9173cd0cad1f4f3de55b474a4a5e?s=96&d=mm&r=g","caption":"perhanstad"},"url":"https:\/\/visitbo.no\/lifjell\/author\/perhanstad\/"}]}},"_links":{"self":[{"href":"https:\/\/visitbo.no\/lifjell\/wp-json\/wp\/v2\/posts\/9141","targetHints":{"allow":["GET"]}}],"collection":[{"href":"https:\/\/visitbo.no\/lifjell\/wp-json\/wp\/v2\/posts"}],"about":[{"href":"https:\/\/visitbo.no\/lifjell\/wp-json\/wp\/v2\/types\/post"}],"author":[{"embeddable":true,"href":"https:\/\/visitbo.no\/lifjell\/wp-json\/wp\/v2\/users\/45"}],"replies":[{"embeddable":true,"href":"https:\/\/visitbo.no\/lifjell\/wp-json\/wp\/v2\/comments?post=9141"}],"version-history":[{"count":6,"href":"https:\/\/visitbo.no\/lifjell\/wp-json\/wp\/v2\/posts\/9141\/revisions"}],"predecessor-version":[{"id":10362,"href":"https:\/\/visitbo.no\/lifjell\/wp-json\/wp\/v2\/posts\/9141\/revisions\/10362"}],"wp:featuredmedia":[{"embeddable":true,"href":"https:\/\/visitbo.no\/lifjell\/wp-json\/wp\/v2\/media\/9181"}],"wp:attachment":[{"href":"https:\/\/visitbo.no\/lifjell\/wp-json\/wp\/v2\/media?parent=9141"}],"wp:term":[{"taxonomy":"category","embeddable":true,"href":"https:\/\/visitbo.no\/lifjell\/wp-json\/wp\/v2\/categories?post=9141"},{"taxonomy":"post_tag","embeddable":true,"href":"https:\/\/visitbo.no\/lifjell\/wp-json\/wp\/v2\/tags?post=9141"}],"curies":[{"name":"wp","href":"https:\/\/api.w.org\/{rel}","templated":true}]}}