{"id":9632,"date":"2023-11-16T13:15:18","date_gmt":"2023-11-16T12:15:18","guid":{"rendered":"https:\/\/visitbo.no\/lifjell\/?p=9632"},"modified":"2023-11-16T14:07:58","modified_gmt":"2023-11-16T13:07:58","slug":"sesongapning-25-11","status":"publish","type":"post","link":"https:\/\/visitbo.no\/lifjell\/sesongapning-25-11\/","title":{"rendered":"Sesong\u00e5pning 25.11"},"content":{"rendered":"<p>Vi sesong\u00e5pner l\u00f8rdag 25.november kl. 10. I f\u00f8rste omgang \u00e5pner vi heisen og bakken i Vinterland. Sn\u00f8en kom tidlig i \u00e5r og vi har i tillegg produsert mye kunstsn\u00f8. Stabilt og kaldt v\u00e6r med litt p\u00e5fyll av sn\u00f8 kommende uke, vil bidra til at vi kan tilby kjempefine forhold i bakken n\u00e5r vi \u00e5pner neste l\u00f8rdag. Frem til jul holder vi \u00e5pent l\u00f8rdag og s\u00f8ndag fra 10-16. (Ikke julaften)<br \/>\nI Skisentret trenger vi fortsatt mer sn\u00f8 (sj\u00f8llaga eller fra oven) f\u00f8r vi kan \u00e5pne.<br \/>\nFra andre juledag(26.12) har vi \u00e5pent hver dag fra 10-16 frem til 1.januar.<br \/>\nVi gleder oss til \u00e5 \u00f8nske dere velkommen til en ny sesong med mange fine skiopplevelser p\u00e5 Lifjell!<\/p>\n","protected":false},"excerpt":{"rendered":"<p>Vi sesong\u00e5pner l\u00f8rdag 25.november kl. 10. I f\u00f8rste omgang \u00e5pner vi heisen og bakken i Vinterland. Sn\u00f8en kom tidlig i \u00e5r og vi har i tillegg produsert mye kunstsn\u00f8. Stabilt og kaldt v\u00e6r med litt p\u00e5fyll av sn\u00f8 kommende uke, vil bidra til at vi kan tilby kjempefine forhold i bakken n\u00e5r vi \u00e5pner neste l\u00f8rdag. Frem til jul holder &#8230; <\/p>\n<div><a href=\"https:\/\/visitbo.no\/lifjell\/sesongapning-25-11\/\" class=\"more-link\">Read More<\/a><\/div>\n","protected":false},"author":45,"featured_media":9633,"comment_status":"closed","ping_status":"closed","sticky":false,"template":"","format":"standard","meta":{"_relevanssi_hide_post":"","_relevanssi_hide_content":"","_relevanssi_pin_for_all":"","_relevanssi_pin_keywords":"","_relevanssi_unpin_keywords":"","_relevanssi_related_keywords":"","_relevanssi_related_include_ids":"","_relevanssi_related_exclude_ids":"","_relevanssi_related_no_append":"","_relevanssi_related_not_related":"","_relevanssi_related_posts":"","_relevanssi_noindex_reason":"","footnotes":""},"categories":[8,129],"tags":[],"class_list":["post-9632","post","type-post","status-publish","format-standard","has-post-thumbnail","hentry","category-nyheter","category-uncategorized-no"],"yoast_head":"<!-- This site is optimized with the Yoast SEO plugin v27.2 - https:\/\/yoast.com\/product\/yoast-seo-wordpress\/ -->\n<title>Sesong\u00e5pning 25.11 - Lifjell<\/title>\n<meta name=\"description\" content=\"Vi sesong\u00e5pner l\u00f8rdag 25.november kl. 10. I f\u00f8rste omgang \u00e5pner vi heisen og bakken i Vinterland. Sn\u00f8en kom tidlig i \u00e5r og vi har i tillegg produsert mye kunstsn\u00f8. Stabilt og kaldt v\u00e6r med litt p\u00e5fyll av sn\u00f8 kommende uke, vil bidra til at vi kan tilby kjempefine forhold i bakken n\u00e5r vi \u00e5pner neste l\u00f8rdag. Frem til jul holder vi \u00e5pent l\u00f8rdag og s\u00f8ndag fra 10-16. (Ikke julaften)\" \/>\n<meta name=\"robots\" content=\"index, follow, max-snippet:-1, max-image-preview:large, max-video-preview:-1\" \/>\n<link rel=\"canonical\" href=\"https:\/\/visitbo.no\/lifjell\/sesongapning-25-11\/\" \/>\n<meta property=\"og:locale\" content=\"nb_NO\" \/>\n<meta property=\"og:type\" content=\"article\" \/>\n<meta property=\"og:title\" content=\"Sesong\u00e5pning 25.11 - Lifjell\" \/>\n<meta property=\"og:description\" content=\"Vi sesong\u00e5pner l\u00f8rdag 25.november kl. 10. I f\u00f8rste omgang \u00e5pner vi heisen og bakken i Vinterland. Sn\u00f8en kom tidlig i \u00e5r og vi har i tillegg produsert mye kunstsn\u00f8. Stabilt og kaldt v\u00e6r med litt p\u00e5fyll av sn\u00f8 kommende uke, vil bidra til at vi kan tilby kjempefine forhold i bakken n\u00e5r vi \u00e5pner neste l\u00f8rdag. Frem til jul holder vi \u00e5pent l\u00f8rdag og s\u00f8ndag fra 10-16. (Ikke julaften)\" \/>\n<meta property=\"og:url\" content=\"https:\/\/visitbo.no\/lifjell\/sesongapning-25-11\/\" \/>\n<meta property=\"og:site_name\" content=\"Lifjell\" \/>\n<meta property=\"article:published_time\" content=\"2023-11-16T12:15:18+00:00\" \/>\n<meta property=\"article:modified_time\" content=\"2023-11-16T13:07:58+00:00\" \/>\n<meta property=\"og:image\" content=\"https:\/\/visitbo.no\/lifjell\/wp-content\/uploads\/sites\/48\/2022\/12\/Vinterland-6.12.22.jpg\" \/>\n\t<meta property=\"og:image:width\" content=\"2016\" \/>\n\t<meta property=\"og:image:height\" content=\"1512\" \/>\n\t<meta property=\"og:image:type\" content=\"image\/jpeg\" \/>\n<meta name=\"author\" content=\"perhanstad\" \/>\n<meta name=\"twitter:card\" content=\"summary_large_image\" \/>\n<meta name=\"twitter:label1\" content=\"Skrevet av\" \/>\n\t<meta name=\"twitter:data1\" content=\"perhanstad\" \/>\n\t<meta name=\"twitter:label2\" content=\"Ansl. lesetid\" \/>\n\t<meta name=\"twitter:data2\" content=\"1 minutt\" \/>\n<script type=\"application\/ld+json\" class=\"yoast-schema-graph\">{\"@context\":\"https:\/\/schema.org\",\"@graph\":[{\"@type\":\"Article\",\"@id\":\"https:\/\/visitbo.no\/lifjell\/sesongapning-25-11\/#article\",\"isPartOf\":{\"@id\":\"https:\/\/visitbo.no\/lifjell\/sesongapning-25-11\/\"},\"author\":{\"name\":\"perhanstad\",\"@id\":\"https:\/\/visitbo.no\/lifjell\/#\/schema\/person\/85ec6e8339581c9296d3ac3708de174e\"},\"headline\":\"Sesong\u00e5pning 25.11\",\"datePublished\":\"2023-11-16T12:15:18+00:00\",\"dateModified\":\"2023-11-16T13:07:58+00:00\",\"mainEntityOfPage\":{\"@id\":\"https:\/\/visitbo.no\/lifjell\/sesongapning-25-11\/\"},\"wordCount\":127,\"image\":{\"@id\":\"https:\/\/visitbo.no\/lifjell\/sesongapning-25-11\/#primaryimage\"},\"thumbnailUrl\":\"https:\/\/visitbo.no\/lifjell\/wp-content\/uploads\/sites\/48\/2022\/12\/Vinterland-6.12.22.jpg\",\"articleSection\":[\"Nyheter\",\"Uncategorized @no\"],\"inLanguage\":\"nb-NO\"},{\"@type\":\"WebPage\",\"@id\":\"https:\/\/visitbo.no\/lifjell\/sesongapning-25-11\/\",\"url\":\"https:\/\/visitbo.no\/lifjell\/sesongapning-25-11\/\",\"name\":\"Sesong\u00e5pning 25.11 - Lifjell\",\"isPartOf\":{\"@id\":\"https:\/\/visitbo.no\/lifjell\/#website\"},\"primaryImageOfPage\":{\"@id\":\"https:\/\/visitbo.no\/lifjell\/sesongapning-25-11\/#primaryimage\"},\"image\":{\"@id\":\"https:\/\/visitbo.no\/lifjell\/sesongapning-25-11\/#primaryimage\"},\"thumbnailUrl\":\"https:\/\/visitbo.no\/lifjell\/wp-content\/uploads\/sites\/48\/2022\/12\/Vinterland-6.12.22.jpg\",\"datePublished\":\"2023-11-16T12:15:18+00:00\",\"dateModified\":\"2023-11-16T13:07:58+00:00\",\"author\":{\"@id\":\"https:\/\/visitbo.no\/lifjell\/#\/schema\/person\/85ec6e8339581c9296d3ac3708de174e\"},\"description\":\"Vi sesong\u00e5pner l\u00f8rdag 25.november kl. 10. I f\u00f8rste omgang \u00e5pner vi heisen og bakken i Vinterland. Sn\u00f8en kom tidlig i \u00e5r og vi har i tillegg produsert mye kunstsn\u00f8. Stabilt og kaldt v\u00e6r med litt p\u00e5fyll av sn\u00f8 kommende uke, vil bidra til at vi kan tilby kjempefine forhold i bakken n\u00e5r vi \u00e5pner neste l\u00f8rdag. Frem til jul holder vi \u00e5pent l\u00f8rdag og s\u00f8ndag fra 10-16. (Ikke julaften)\",\"breadcrumb\":{\"@id\":\"https:\/\/visitbo.no\/lifjell\/sesongapning-25-11\/#breadcrumb\"},\"inLanguage\":\"nb-NO\",\"potentialAction\":[{\"@type\":\"ReadAction\",\"target\":[\"https:\/\/visitbo.no\/lifjell\/sesongapning-25-11\/\"]}]},{\"@type\":\"ImageObject\",\"inLanguage\":\"nb-NO\",\"@id\":\"https:\/\/visitbo.no\/lifjell\/sesongapning-25-11\/#primaryimage\",\"url\":\"https:\/\/visitbo.no\/lifjell\/wp-content\/uploads\/sites\/48\/2022\/12\/Vinterland-6.12.22.jpg\",\"contentUrl\":\"https:\/\/visitbo.no\/lifjell\/wp-content\/uploads\/sites\/48\/2022\/12\/Vinterland-6.12.22.jpg\",\"width\":2016,\"height\":1512},{\"@type\":\"BreadcrumbList\",\"@id\":\"https:\/\/visitbo.no\/lifjell\/sesongapning-25-11\/#breadcrumb\",\"itemListElement\":[{\"@type\":\"ListItem\",\"position\":1,\"name\":\"Hjem\",\"item\":\"https:\/\/visitbo.no\/lifjell\/\"},{\"@type\":\"ListItem\",\"position\":2,\"name\":\"Sesong\u00e5pning 25.11\"}]},{\"@type\":\"WebSite\",\"@id\":\"https:\/\/visitbo.no\/lifjell\/#website\",\"url\":\"https:\/\/visitbo.no\/lifjell\/\",\"name\":\"Lifjell\",\"description\":\"One online experience - for everything your destination has to offer.\",\"potentialAction\":[{\"@type\":\"SearchAction\",\"target\":{\"@type\":\"EntryPoint\",\"urlTemplate\":\"https:\/\/visitbo.no\/lifjell\/?s={search_term_string}\"},\"query-input\":{\"@type\":\"PropertyValueSpecification\",\"valueRequired\":true,\"valueName\":\"search_term_string\"}}],\"inLanguage\":\"nb-NO\"},{\"@type\":\"Person\",\"@id\":\"https:\/\/visitbo.no\/lifjell\/#\/schema\/person\/85ec6e8339581c9296d3ac3708de174e\",\"name\":\"perhanstad\",\"image\":{\"@type\":\"ImageObject\",\"inLanguage\":\"nb-NO\",\"@id\":\"https:\/\/secure.gravatar.com\/avatar\/e53f85f933c278fd28c5c14d034346dafaab9173cd0cad1f4f3de55b474a4a5e?s=96&d=mm&r=g\",\"url\":\"https:\/\/secure.gravatar.com\/avatar\/e53f85f933c278fd28c5c14d034346dafaab9173cd0cad1f4f3de55b474a4a5e?s=96&d=mm&r=g\",\"contentUrl\":\"https:\/\/secure.gravatar.com\/avatar\/e53f85f933c278fd28c5c14d034346dafaab9173cd0cad1f4f3de55b474a4a5e?s=96&d=mm&r=g\",\"caption\":\"perhanstad\"},\"url\":\"https:\/\/visitbo.no\/lifjell\/author\/perhanstad\/\"}]}<\/script>\n<!-- \/ Yoast SEO plugin. -->","yoast_head_json":{"title":"Sesong\u00e5pning 25.11 - Lifjell","description":"Vi sesong\u00e5pner l\u00f8rdag 25.november kl. 10. I f\u00f8rste omgang \u00e5pner vi heisen og bakken i Vinterland. Sn\u00f8en kom tidlig i \u00e5r og vi har i tillegg produsert mye kunstsn\u00f8. Stabilt og kaldt v\u00e6r med litt p\u00e5fyll av sn\u00f8 kommende uke, vil bidra til at vi kan tilby kjempefine forhold i bakken n\u00e5r vi \u00e5pner neste l\u00f8rdag. Frem til jul holder vi \u00e5pent l\u00f8rdag og s\u00f8ndag fra 10-16. (Ikke julaften)","robots":{"index":"index","follow":"follow","max-snippet":"max-snippet:-1","max-image-preview":"max-image-preview:large","max-video-preview":"max-video-preview:-1"},"canonical":"https:\/\/visitbo.no\/lifjell\/sesongapning-25-11\/","og_locale":"nb_NO","og_type":"article","og_title":"Sesong\u00e5pning 25.11 - Lifjell","og_description":"Vi sesong\u00e5pner l\u00f8rdag 25.november kl. 10. I f\u00f8rste omgang \u00e5pner vi heisen og bakken i Vinterland. Sn\u00f8en kom tidlig i \u00e5r og vi har i tillegg produsert mye kunstsn\u00f8. Stabilt og kaldt v\u00e6r med litt p\u00e5fyll av sn\u00f8 kommende uke, vil bidra til at vi kan tilby kjempefine forhold i bakken n\u00e5r vi \u00e5pner neste l\u00f8rdag. Frem til jul holder vi \u00e5pent l\u00f8rdag og s\u00f8ndag fra 10-16. (Ikke julaften)","og_url":"https:\/\/visitbo.no\/lifjell\/sesongapning-25-11\/","og_site_name":"Lifjell","article_published_time":"2023-11-16T12:15:18+00:00","article_modified_time":"2023-11-16T13:07:58+00:00","og_image":[{"width":2016,"height":1512,"url":"https:\/\/visitbo.no\/lifjell\/wp-content\/uploads\/sites\/48\/2022\/12\/Vinterland-6.12.22.jpg","type":"image\/jpeg"}],"author":"perhanstad","twitter_card":"summary_large_image","twitter_misc":{"Skrevet av":"perhanstad","Ansl. lesetid":"1 minutt"},"schema":{"@context":"https:\/\/schema.org","@graph":[{"@type":"Article","@id":"https:\/\/visitbo.no\/lifjell\/sesongapning-25-11\/#article","isPartOf":{"@id":"https:\/\/visitbo.no\/lifjell\/sesongapning-25-11\/"},"author":{"name":"perhanstad","@id":"https:\/\/visitbo.no\/lifjell\/#\/schema\/person\/85ec6e8339581c9296d3ac3708de174e"},"headline":"Sesong\u00e5pning 25.11","datePublished":"2023-11-16T12:15:18+00:00","dateModified":"2023-11-16T13:07:58+00:00","mainEntityOfPage":{"@id":"https:\/\/visitbo.no\/lifjell\/sesongapning-25-11\/"},"wordCount":127,"image":{"@id":"https:\/\/visitbo.no\/lifjell\/sesongapning-25-11\/#primaryimage"},"thumbnailUrl":"https:\/\/visitbo.no\/lifjell\/wp-content\/uploads\/sites\/48\/2022\/12\/Vinterland-6.12.22.jpg","articleSection":["Nyheter","Uncategorized @no"],"inLanguage":"nb-NO"},{"@type":"WebPage","@id":"https:\/\/visitbo.no\/lifjell\/sesongapning-25-11\/","url":"https:\/\/visitbo.no\/lifjell\/sesongapning-25-11\/","name":"Sesong\u00e5pning 25.11 - Lifjell","isPartOf":{"@id":"https:\/\/visitbo.no\/lifjell\/#website"},"primaryImageOfPage":{"@id":"https:\/\/visitbo.no\/lifjell\/sesongapning-25-11\/#primaryimage"},"image":{"@id":"https:\/\/visitbo.no\/lifjell\/sesongapning-25-11\/#primaryimage"},"thumbnailUrl":"https:\/\/visitbo.no\/lifjell\/wp-content\/uploads\/sites\/48\/2022\/12\/Vinterland-6.12.22.jpg","datePublished":"2023-11-16T12:15:18+00:00","dateModified":"2023-11-16T13:07:58+00:00","author":{"@id":"https:\/\/visitbo.no\/lifjell\/#\/schema\/person\/85ec6e8339581c9296d3ac3708de174e"},"description":"Vi sesong\u00e5pner l\u00f8rdag 25.november kl. 10. I f\u00f8rste omgang \u00e5pner vi heisen og bakken i Vinterland. Sn\u00f8en kom tidlig i \u00e5r og vi har i tillegg produsert mye kunstsn\u00f8. Stabilt og kaldt v\u00e6r med litt p\u00e5fyll av sn\u00f8 kommende uke, vil bidra til at vi kan tilby kjempefine forhold i bakken n\u00e5r vi \u00e5pner neste l\u00f8rdag. Frem til jul holder vi \u00e5pent l\u00f8rdag og s\u00f8ndag fra 10-16. (Ikke julaften)","breadcrumb":{"@id":"https:\/\/visitbo.no\/lifjell\/sesongapning-25-11\/#breadcrumb"},"inLanguage":"nb-NO","potentialAction":[{"@type":"ReadAction","target":["https:\/\/visitbo.no\/lifjell\/sesongapning-25-11\/"]}]},{"@type":"ImageObject","inLanguage":"nb-NO","@id":"https:\/\/visitbo.no\/lifjell\/sesongapning-25-11\/#primaryimage","url":"https:\/\/visitbo.no\/lifjell\/wp-content\/uploads\/sites\/48\/2022\/12\/Vinterland-6.12.22.jpg","contentUrl":"https:\/\/visitbo.no\/lifjell\/wp-content\/uploads\/sites\/48\/2022\/12\/Vinterland-6.12.22.jpg","width":2016,"height":1512},{"@type":"BreadcrumbList","@id":"https:\/\/visitbo.no\/lifjell\/sesongapning-25-11\/#breadcrumb","itemListElement":[{"@type":"ListItem","position":1,"name":"Hjem","item":"https:\/\/visitbo.no\/lifjell\/"},{"@type":"ListItem","position":2,"name":"Sesong\u00e5pning 25.11"}]},{"@type":"WebSite","@id":"https:\/\/visitbo.no\/lifjell\/#website","url":"https:\/\/visitbo.no\/lifjell\/","name":"Lifjell","description":"One online experience - for everything your destination has to offer.","potentialAction":[{"@type":"SearchAction","target":{"@type":"EntryPoint","urlTemplate":"https:\/\/visitbo.no\/lifjell\/?s={search_term_string}"},"query-input":{"@type":"PropertyValueSpecification","valueRequired":true,"valueName":"search_term_string"}}],"inLanguage":"nb-NO"},{"@type":"Person","@id":"https:\/\/visitbo.no\/lifjell\/#\/schema\/person\/85ec6e8339581c9296d3ac3708de174e","name":"perhanstad","image":{"@type":"ImageObject","inLanguage":"nb-NO","@id":"https:\/\/secure.gravatar.com\/avatar\/e53f85f933c278fd28c5c14d034346dafaab9173cd0cad1f4f3de55b474a4a5e?s=96&d=mm&r=g","url":"https:\/\/secure.gravatar.com\/avatar\/e53f85f933c278fd28c5c14d034346dafaab9173cd0cad1f4f3de55b474a4a5e?s=96&d=mm&r=g","contentUrl":"https:\/\/secure.gravatar.com\/avatar\/e53f85f933c278fd28c5c14d034346dafaab9173cd0cad1f4f3de55b474a4a5e?s=96&d=mm&r=g","caption":"perhanstad"},"url":"https:\/\/visitbo.no\/lifjell\/author\/perhanstad\/"}]}},"_links":{"self":[{"href":"https:\/\/visitbo.no\/lifjell\/wp-json\/wp\/v2\/posts\/9632","targetHints":{"allow":["GET"]}}],"collection":[{"href":"https:\/\/visitbo.no\/lifjell\/wp-json\/wp\/v2\/posts"}],"about":[{"href":"https:\/\/visitbo.no\/lifjell\/wp-json\/wp\/v2\/types\/post"}],"author":[{"embeddable":true,"href":"https:\/\/visitbo.no\/lifjell\/wp-json\/wp\/v2\/users\/45"}],"replies":[{"embeddable":true,"href":"https:\/\/visitbo.no\/lifjell\/wp-json\/wp\/v2\/comments?post=9632"}],"version-history":[{"count":3,"href":"https:\/\/visitbo.no\/lifjell\/wp-json\/wp\/v2\/posts\/9632\/revisions"}],"predecessor-version":[{"id":10329,"href":"https:\/\/visitbo.no\/lifjell\/wp-json\/wp\/v2\/posts\/9632\/revisions\/10329"}],"wp:featuredmedia":[{"embeddable":true,"href":"https:\/\/visitbo.no\/lifjell\/wp-json\/wp\/v2\/media\/9633"}],"wp:attachment":[{"href":"https:\/\/visitbo.no\/lifjell\/wp-json\/wp\/v2\/media?parent=9632"}],"wp:term":[{"taxonomy":"category","embeddable":true,"href":"https:\/\/visitbo.no\/lifjell\/wp-json\/wp\/v2\/categories?post=9632"},{"taxonomy":"post_tag","embeddable":true,"href":"https:\/\/visitbo.no\/lifjell\/wp-json\/wp\/v2\/tags?post=9632"}],"curies":[{"name":"wp","href":"https:\/\/api.w.org\/{rel}","templated":true}]}}