{"id":8677,"date":"2023-04-28T08:01:33","date_gmt":"2023-04-28T06:01:33","guid":{"rendered":"https:\/\/visitbo.no\/telemarksveka\/?p=8677"},"modified":"2023-05-30T10:33:53","modified_gmt":"2023-05-30T08:33:53","slug":"billettsalget-til-sommerfest-fra-telemark-er-i-gang","status":"publish","type":"post","link":"https:\/\/visitbo.no\/telemarksveka\/billettsalget-til-sommerfest-fra-telemark-er-i-gang\/","title":{"rendered":"Billettsalget til &laquo;Sommerfest fra Telemark&raquo; er i gang!"},"content":{"rendered":"<p><strong>\ud83e\udd29BILLETTSALGET ER I GANG!!\ud83e\udd29<\/strong><\/p>\n<div class=\"\" data-block=\"true\" data-editor=\"2mdnq\" data-offset-key=\"91dqp-0-0\">\n<div class=\"_1mf _1mj\" data-offset-key=\"91dqp-0-0\">\n<p><span data-offset-key=\"91dqp-0-0\">Vil du f\u00e5 med deg \u00e5rets st\u00f8rste sommerfest?! Kjente artistnavn som bl.a. Marcus &amp; Martinus, Carina Dahl, Wig Wam, Staysman, Sputik, Hagle, Louisiana Avenue, Anita Skorgan og Elisabeth &laquo;Bettan&raquo; Andreassen<\/span><span data-offset-key=\"91dqp-4-0\">\u00a0er blant de du kan oppleve under \u00e5rets Sommershow p\u00e5 Lunde sluse!! Kj\u00f8p dine billetter allerede n\u00e5! \ud83e\udd29\ud83d\udca5<\/span><\/p>\n<p>&nbsp;<\/p>\n<\/div>\n<\/div>\n<div data-offset-key=\"91dqp-0-0\"><strong>\u2b50 <a href=\"https:\/\/tikkio.com\/tickets\/37821-tv2-showet-sommerfest-fra-telemark\" target=\"_blank\" rel=\"noopener\">Kj\u00f8p billetter til Tv2s &laquo;Sommerfest fra Telemark<\/a><\/strong><\/div>\n<div data-offset-key=\"91dqp-0-0\"><strong>\u2b50 <a href=\"https:\/\/www.facebook.com\/events\/616514643693904\/\" target=\"_blank\" rel=\"noopener\">Se Facebookarrangement<\/a><\/strong><\/div>\n<div data-offset-key=\"91dqp-0-0\"><strong>\u2b50<a href=\"https:\/\/visitbo.no\/telemarksveka\/sommerfest-fra-telemark\/\"> Les mer om TV2s &laquo;Sommerfest fra Telemark<\/a><\/strong><\/div>\n<h5 data-offset-key=\"91dqp-0-0\">Velkommen!<\/h5>\n","protected":false},"excerpt":{"rendered":"<p>\ud83e\udd29BILLETTSALGET ER I GANG!!\ud83e\udd29 Vil du f\u00e5 med deg \u00e5rets st\u00f8rste sommerfest?! Kjente artistnavn som bl.a. Marcus &amp; Martinus, Carina Dahl, Wig Wam, Staysman, Sputik, Hagle, Louisiana Avenue, Anita Skorgan og Elisabeth &laquo;Bettan&raquo; Andreassen\u00a0er blant de du kan oppleve under \u00e5rets Sommershow p\u00e5 Lunde sluse!! Kj\u00f8p dine billetter allerede n\u00e5! \ud83e\udd29\ud83d\udca5 &nbsp; \u2b50 Kj\u00f8p billetter til Tv2s &laquo;Sommerfest fra Telemark &#8230; <\/p>\n<div><a href=\"https:\/\/visitbo.no\/telemarksveka\/billettsalget-til-sommerfest-fra-telemark-er-i-gang\/\" class=\"more-link\">Read More<\/a><\/div>\n","protected":false},"author":29,"featured_media":9457,"comment_status":"closed","ping_status":"closed","sticky":false,"template":"","format":"standard","meta":{"_relevanssi_hide_post":"","_relevanssi_hide_content":"","_relevanssi_pin_for_all":"","_relevanssi_pin_keywords":"","_relevanssi_unpin_keywords":"","_relevanssi_related_keywords":"","_relevanssi_related_include_ids":"","_relevanssi_related_exclude_ids":"","_relevanssi_related_no_append":"","_relevanssi_related_not_related":"","_relevanssi_related_posts":"","_relevanssi_noindex_reason":"","footnotes":""},"categories":[8,129],"tags":[],"class_list":["post-8677","post","type-post","status-publish","format-standard","has-post-thumbnail","hentry","category-nyheter","category-uncategorized-no"],"yoast_head":"<!-- This site is optimized with the Yoast SEO plugin v27.2 - https:\/\/yoast.com\/product\/yoast-seo-wordpress\/ -->\n<title>Billettsalget til &quot;Sommerfest fra Telemark&quot; er i gang! - TelemarksVeka<\/title>\n<meta name=\"robots\" content=\"index, follow, max-snippet:-1, max-image-preview:large, max-video-preview:-1\" \/>\n<link rel=\"canonical\" href=\"https:\/\/visitbo.no\/telemarksveka\/billettsalget-til-sommerfest-fra-telemark-er-i-gang\/\" \/>\n<meta property=\"og:locale\" content=\"nb_NO\" \/>\n<meta property=\"og:type\" content=\"article\" \/>\n<meta property=\"og:title\" content=\"Billettsalget til &quot;Sommerfest fra Telemark&quot; er i gang! - TelemarksVeka\" \/>\n<meta property=\"og:description\" content=\"\ud83e\udd29BILLETTSALGET ER I GANG!!\ud83e\udd29 Vil du f\u00e5 med deg \u00e5rets st\u00f8rste sommerfest?! Kjente artistnavn som bl.a. Marcus &amp; Martinus, Carina Dahl, Wig Wam, Staysman, Sputik, Hagle, Louisiana Avenue, Anita Skorgan og Elisabeth &laquo;Bettan&raquo; Andreassen\u00a0er blant de du kan oppleve under \u00e5rets Sommershow p\u00e5 Lunde sluse!! Kj\u00f8p dine billetter allerede n\u00e5! \ud83e\udd29\ud83d\udca5 &nbsp; \u2b50 Kj\u00f8p billetter til Tv2s &laquo;Sommerfest fra Telemark ... Read More\" \/>\n<meta property=\"og:url\" content=\"https:\/\/visitbo.no\/telemarksveka\/billettsalget-til-sommerfest-fra-telemark-er-i-gang\/\" \/>\n<meta property=\"og:site_name\" content=\"TelemarksVeka\" \/>\n<meta property=\"article:published_time\" content=\"2023-04-28T06:01:33+00:00\" \/>\n<meta property=\"article:modified_time\" content=\"2023-05-30T08:33:53+00:00\" \/>\n<meta property=\"og:image\" content=\"https:\/\/visitbo.no\/telemarksveka\/wp-content\/uploads\/sites\/61\/2023\/04\/Sommerfest_FBarr-1-scaled.jpg\" \/>\n\t<meta property=\"og:image:width\" content=\"2560\" \/>\n\t<meta property=\"og:image:height\" content=\"1323\" \/>\n\t<meta property=\"og:image:type\" content=\"image\/jpeg\" \/>\n<meta name=\"author\" content=\"anette\" \/>\n<meta name=\"twitter:card\" content=\"summary_large_image\" \/>\n<meta name=\"twitter:label1\" content=\"Skrevet av\" \/>\n\t<meta name=\"twitter:data1\" content=\"anette\" \/>\n\t<meta name=\"twitter:label2\" content=\"Ansl. lesetid\" \/>\n\t<meta name=\"twitter:data2\" content=\"1 minutt\" \/>\n<script type=\"application\/ld+json\" class=\"yoast-schema-graph\">{\"@context\":\"https:\/\/schema.org\",\"@graph\":[{\"@type\":\"Article\",\"@id\":\"https:\/\/visitbo.no\/telemarksveka\/billettsalget-til-sommerfest-fra-telemark-er-i-gang\/#article\",\"isPartOf\":{\"@id\":\"https:\/\/visitbo.no\/telemarksveka\/billettsalget-til-sommerfest-fra-telemark-er-i-gang\/\"},\"author\":{\"name\":\"anette\",\"@id\":\"https:\/\/visitbo.no\/telemarksveka\/#\/schema\/person\/9ff738ed56a55ee81b1292f43bcc59b9\"},\"headline\":\"Billettsalget til &laquo;Sommerfest fra Telemark&raquo; er i gang!\",\"datePublished\":\"2023-04-28T06:01:33+00:00\",\"dateModified\":\"2023-05-30T08:33:53+00:00\",\"mainEntityOfPage\":{\"@id\":\"https:\/\/visitbo.no\/telemarksveka\/billettsalget-til-sommerfest-fra-telemark-er-i-gang\/\"},\"wordCount\":83,\"image\":{\"@id\":\"https:\/\/visitbo.no\/telemarksveka\/billettsalget-til-sommerfest-fra-telemark-er-i-gang\/#primaryimage\"},\"thumbnailUrl\":\"https:\/\/visitbo.no\/telemarksveka\/wp-content\/uploads\/sites\/61\/2023\/04\/Sommerfest_FBarr-1-scaled.jpg\",\"articleSection\":[\"Nyheter\",\"Uncategorized @no\"],\"inLanguage\":\"nb-NO\"},{\"@type\":\"WebPage\",\"@id\":\"https:\/\/visitbo.no\/telemarksveka\/billettsalget-til-sommerfest-fra-telemark-er-i-gang\/\",\"url\":\"https:\/\/visitbo.no\/telemarksveka\/billettsalget-til-sommerfest-fra-telemark-er-i-gang\/\",\"name\":\"Billettsalget til \\\"Sommerfest fra Telemark\\\" er i gang! - TelemarksVeka\",\"isPartOf\":{\"@id\":\"https:\/\/visitbo.no\/telemarksveka\/#website\"},\"primaryImageOfPage\":{\"@id\":\"https:\/\/visitbo.no\/telemarksveka\/billettsalget-til-sommerfest-fra-telemark-er-i-gang\/#primaryimage\"},\"image\":{\"@id\":\"https:\/\/visitbo.no\/telemarksveka\/billettsalget-til-sommerfest-fra-telemark-er-i-gang\/#primaryimage\"},\"thumbnailUrl\":\"https:\/\/visitbo.no\/telemarksveka\/wp-content\/uploads\/sites\/61\/2023\/04\/Sommerfest_FBarr-1-scaled.jpg\",\"datePublished\":\"2023-04-28T06:01:33+00:00\",\"dateModified\":\"2023-05-30T08:33:53+00:00\",\"author\":{\"@id\":\"https:\/\/visitbo.no\/telemarksveka\/#\/schema\/person\/9ff738ed56a55ee81b1292f43bcc59b9\"},\"breadcrumb\":{\"@id\":\"https:\/\/visitbo.no\/telemarksveka\/billettsalget-til-sommerfest-fra-telemark-er-i-gang\/#breadcrumb\"},\"inLanguage\":\"nb-NO\",\"potentialAction\":[{\"@type\":\"ReadAction\",\"target\":[\"https:\/\/visitbo.no\/telemarksveka\/billettsalget-til-sommerfest-fra-telemark-er-i-gang\/\"]}]},{\"@type\":\"ImageObject\",\"inLanguage\":\"nb-NO\",\"@id\":\"https:\/\/visitbo.no\/telemarksveka\/billettsalget-til-sommerfest-fra-telemark-er-i-gang\/#primaryimage\",\"url\":\"https:\/\/visitbo.no\/telemarksveka\/wp-content\/uploads\/sites\/61\/2023\/04\/Sommerfest_FBarr-1-scaled.jpg\",\"contentUrl\":\"https:\/\/visitbo.no\/telemarksveka\/wp-content\/uploads\/sites\/61\/2023\/04\/Sommerfest_FBarr-1-scaled.jpg\",\"width\":2560,\"height\":1323,\"caption\":\"Plakat sommerfest\"},{\"@type\":\"BreadcrumbList\",\"@id\":\"https:\/\/visitbo.no\/telemarksveka\/billettsalget-til-sommerfest-fra-telemark-er-i-gang\/#breadcrumb\",\"itemListElement\":[{\"@type\":\"ListItem\",\"position\":1,\"name\":\"Hjem\",\"item\":\"https:\/\/visitbo.no\/telemarksveka\/\"},{\"@type\":\"ListItem\",\"position\":2,\"name\":\"Billettsalget til &laquo;Sommerfest fra Telemark&raquo; er i gang!\"}]},{\"@type\":\"WebSite\",\"@id\":\"https:\/\/visitbo.no\/telemarksveka\/#website\",\"url\":\"https:\/\/visitbo.no\/telemarksveka\/\",\"name\":\"TelemarksVeka\",\"description\":\"One online experience - for everything your destination has to offer.\",\"potentialAction\":[{\"@type\":\"SearchAction\",\"target\":{\"@type\":\"EntryPoint\",\"urlTemplate\":\"https:\/\/visitbo.no\/telemarksveka\/?s={search_term_string}\"},\"query-input\":{\"@type\":\"PropertyValueSpecification\",\"valueRequired\":true,\"valueName\":\"search_term_string\"}}],\"inLanguage\":\"nb-NO\"},{\"@type\":\"Person\",\"@id\":\"https:\/\/visitbo.no\/telemarksveka\/#\/schema\/person\/9ff738ed56a55ee81b1292f43bcc59b9\",\"name\":\"anette\",\"image\":{\"@type\":\"ImageObject\",\"inLanguage\":\"nb-NO\",\"@id\":\"https:\/\/secure.gravatar.com\/avatar\/7787bd43a200e676f81dc1d879dfa34102229a8c799faa8d538cc2c09f072770?s=96&d=mm&r=g\",\"url\":\"https:\/\/secure.gravatar.com\/avatar\/7787bd43a200e676f81dc1d879dfa34102229a8c799faa8d538cc2c09f072770?s=96&d=mm&r=g\",\"contentUrl\":\"https:\/\/secure.gravatar.com\/avatar\/7787bd43a200e676f81dc1d879dfa34102229a8c799faa8d538cc2c09f072770?s=96&d=mm&r=g\",\"caption\":\"anette\"},\"url\":\"https:\/\/visitbo.no\/telemarksveka\/author\/anette\/\"}]}<\/script>\n<!-- \/ Yoast SEO plugin. -->","yoast_head_json":{"title":"Billettsalget til \"Sommerfest fra Telemark\" er i gang! - TelemarksVeka","robots":{"index":"index","follow":"follow","max-snippet":"max-snippet:-1","max-image-preview":"max-image-preview:large","max-video-preview":"max-video-preview:-1"},"canonical":"https:\/\/visitbo.no\/telemarksveka\/billettsalget-til-sommerfest-fra-telemark-er-i-gang\/","og_locale":"nb_NO","og_type":"article","og_title":"Billettsalget til \"Sommerfest fra Telemark\" er i gang! - TelemarksVeka","og_description":"\ud83e\udd29BILLETTSALGET ER I GANG!!\ud83e\udd29 Vil du f\u00e5 med deg \u00e5rets st\u00f8rste sommerfest?! Kjente artistnavn som bl.a. Marcus &amp; Martinus, Carina Dahl, Wig Wam, Staysman, Sputik, Hagle, Louisiana Avenue, Anita Skorgan og Elisabeth &laquo;Bettan&raquo; Andreassen\u00a0er blant de du kan oppleve under \u00e5rets Sommershow p\u00e5 Lunde sluse!! Kj\u00f8p dine billetter allerede n\u00e5! \ud83e\udd29\ud83d\udca5 &nbsp; \u2b50 Kj\u00f8p billetter til Tv2s &laquo;Sommerfest fra Telemark ... Read More","og_url":"https:\/\/visitbo.no\/telemarksveka\/billettsalget-til-sommerfest-fra-telemark-er-i-gang\/","og_site_name":"TelemarksVeka","article_published_time":"2023-04-28T06:01:33+00:00","article_modified_time":"2023-05-30T08:33:53+00:00","og_image":[{"width":2560,"height":1323,"url":"https:\/\/visitbo.no\/telemarksveka\/wp-content\/uploads\/sites\/61\/2023\/04\/Sommerfest_FBarr-1-scaled.jpg","type":"image\/jpeg"}],"author":"anette","twitter_card":"summary_large_image","twitter_misc":{"Skrevet av":"anette","Ansl. lesetid":"1 minutt"},"schema":{"@context":"https:\/\/schema.org","@graph":[{"@type":"Article","@id":"https:\/\/visitbo.no\/telemarksveka\/billettsalget-til-sommerfest-fra-telemark-er-i-gang\/#article","isPartOf":{"@id":"https:\/\/visitbo.no\/telemarksveka\/billettsalget-til-sommerfest-fra-telemark-er-i-gang\/"},"author":{"name":"anette","@id":"https:\/\/visitbo.no\/telemarksveka\/#\/schema\/person\/9ff738ed56a55ee81b1292f43bcc59b9"},"headline":"Billettsalget til &laquo;Sommerfest fra Telemark&raquo; er i gang!","datePublished":"2023-04-28T06:01:33+00:00","dateModified":"2023-05-30T08:33:53+00:00","mainEntityOfPage":{"@id":"https:\/\/visitbo.no\/telemarksveka\/billettsalget-til-sommerfest-fra-telemark-er-i-gang\/"},"wordCount":83,"image":{"@id":"https:\/\/visitbo.no\/telemarksveka\/billettsalget-til-sommerfest-fra-telemark-er-i-gang\/#primaryimage"},"thumbnailUrl":"https:\/\/visitbo.no\/telemarksveka\/wp-content\/uploads\/sites\/61\/2023\/04\/Sommerfest_FBarr-1-scaled.jpg","articleSection":["Nyheter","Uncategorized @no"],"inLanguage":"nb-NO"},{"@type":"WebPage","@id":"https:\/\/visitbo.no\/telemarksveka\/billettsalget-til-sommerfest-fra-telemark-er-i-gang\/","url":"https:\/\/visitbo.no\/telemarksveka\/billettsalget-til-sommerfest-fra-telemark-er-i-gang\/","name":"Billettsalget til \"Sommerfest fra Telemark\" er i gang! - TelemarksVeka","isPartOf":{"@id":"https:\/\/visitbo.no\/telemarksveka\/#website"},"primaryImageOfPage":{"@id":"https:\/\/visitbo.no\/telemarksveka\/billettsalget-til-sommerfest-fra-telemark-er-i-gang\/#primaryimage"},"image":{"@id":"https:\/\/visitbo.no\/telemarksveka\/billettsalget-til-sommerfest-fra-telemark-er-i-gang\/#primaryimage"},"thumbnailUrl":"https:\/\/visitbo.no\/telemarksveka\/wp-content\/uploads\/sites\/61\/2023\/04\/Sommerfest_FBarr-1-scaled.jpg","datePublished":"2023-04-28T06:01:33+00:00","dateModified":"2023-05-30T08:33:53+00:00","author":{"@id":"https:\/\/visitbo.no\/telemarksveka\/#\/schema\/person\/9ff738ed56a55ee81b1292f43bcc59b9"},"breadcrumb":{"@id":"https:\/\/visitbo.no\/telemarksveka\/billettsalget-til-sommerfest-fra-telemark-er-i-gang\/#breadcrumb"},"inLanguage":"nb-NO","potentialAction":[{"@type":"ReadAction","target":["https:\/\/visitbo.no\/telemarksveka\/billettsalget-til-sommerfest-fra-telemark-er-i-gang\/"]}]},{"@type":"ImageObject","inLanguage":"nb-NO","@id":"https:\/\/visitbo.no\/telemarksveka\/billettsalget-til-sommerfest-fra-telemark-er-i-gang\/#primaryimage","url":"https:\/\/visitbo.no\/telemarksveka\/wp-content\/uploads\/sites\/61\/2023\/04\/Sommerfest_FBarr-1-scaled.jpg","contentUrl":"https:\/\/visitbo.no\/telemarksveka\/wp-content\/uploads\/sites\/61\/2023\/04\/Sommerfest_FBarr-1-scaled.jpg","width":2560,"height":1323,"caption":"Plakat sommerfest"},{"@type":"BreadcrumbList","@id":"https:\/\/visitbo.no\/telemarksveka\/billettsalget-til-sommerfest-fra-telemark-er-i-gang\/#breadcrumb","itemListElement":[{"@type":"ListItem","position":1,"name":"Hjem","item":"https:\/\/visitbo.no\/telemarksveka\/"},{"@type":"ListItem","position":2,"name":"Billettsalget til &laquo;Sommerfest fra Telemark&raquo; er i gang!"}]},{"@type":"WebSite","@id":"https:\/\/visitbo.no\/telemarksveka\/#website","url":"https:\/\/visitbo.no\/telemarksveka\/","name":"TelemarksVeka","description":"One online experience - for everything your destination has to offer.","potentialAction":[{"@type":"SearchAction","target":{"@type":"EntryPoint","urlTemplate":"https:\/\/visitbo.no\/telemarksveka\/?s={search_term_string}"},"query-input":{"@type":"PropertyValueSpecification","valueRequired":true,"valueName":"search_term_string"}}],"inLanguage":"nb-NO"},{"@type":"Person","@id":"https:\/\/visitbo.no\/telemarksveka\/#\/schema\/person\/9ff738ed56a55ee81b1292f43bcc59b9","name":"anette","image":{"@type":"ImageObject","inLanguage":"nb-NO","@id":"https:\/\/secure.gravatar.com\/avatar\/7787bd43a200e676f81dc1d879dfa34102229a8c799faa8d538cc2c09f072770?s=96&d=mm&r=g","url":"https:\/\/secure.gravatar.com\/avatar\/7787bd43a200e676f81dc1d879dfa34102229a8c799faa8d538cc2c09f072770?s=96&d=mm&r=g","contentUrl":"https:\/\/secure.gravatar.com\/avatar\/7787bd43a200e676f81dc1d879dfa34102229a8c799faa8d538cc2c09f072770?s=96&d=mm&r=g","caption":"anette"},"url":"https:\/\/visitbo.no\/telemarksveka\/author\/anette\/"}]}},"_links":{"self":[{"href":"https:\/\/visitbo.no\/telemarksveka\/wp-json\/wp\/v2\/posts\/8677","targetHints":{"allow":["GET"]}}],"collection":[{"href":"https:\/\/visitbo.no\/telemarksveka\/wp-json\/wp\/v2\/posts"}],"about":[{"href":"https:\/\/visitbo.no\/telemarksveka\/wp-json\/wp\/v2\/types\/post"}],"author":[{"embeddable":true,"href":"https:\/\/visitbo.no\/telemarksveka\/wp-json\/wp\/v2\/users\/29"}],"replies":[{"embeddable":true,"href":"https:\/\/visitbo.no\/telemarksveka\/wp-json\/wp\/v2\/comments?post=8677"}],"version-history":[{"count":6,"href":"https:\/\/visitbo.no\/telemarksveka\/wp-json\/wp\/v2\/posts\/8677\/revisions"}],"predecessor-version":[{"id":9449,"href":"https:\/\/visitbo.no\/telemarksveka\/wp-json\/wp\/v2\/posts\/8677\/revisions\/9449"}],"wp:featuredmedia":[{"embeddable":true,"href":"https:\/\/visitbo.no\/telemarksveka\/wp-json\/wp\/v2\/media\/9457"}],"wp:attachment":[{"href":"https:\/\/visitbo.no\/telemarksveka\/wp-json\/wp\/v2\/media?parent=8677"}],"wp:term":[{"taxonomy":"category","embeddable":true,"href":"https:\/\/visitbo.no\/telemarksveka\/wp-json\/wp\/v2\/categories?post=8677"},{"taxonomy":"post_tag","embeddable":true,"href":"https:\/\/visitbo.no\/telemarksveka\/wp-json\/wp\/v2\/tags?post=8677"}],"curies":[{"name":"wp","href":"https:\/\/api.w.org\/{rel}","templated":true}]}}