{"id":9915,"date":"2025-01-28T18:38:48","date_gmt":"2025-01-28T17:38:48","guid":{"rendered":"https:\/\/visitbo.no\/turridning\/?p=9915"},"modified":"2025-01-28T18:38:48","modified_gmt":"2025-01-28T17:38:48","slug":"tiden-gar-alt-for-fort","status":"publish","type":"post","link":"https:\/\/visitbo.no\/turridning\/tiden-gar-alt-for-fort\/","title":{"rendered":"Tiden g\u00e5r alt for fort."},"content":{"rendered":"<p>Tenk at n\u00e5 er det allerede januar over, er ikke mange mnd. til h\u00f8ysesong igjen hos oss.<\/p>\n<p>Vinteren enn s\u00e5 lenge har v\u00e6rt s\u00e5 langt varmt og kulde perioder er jeg ikke helt sikker p\u00e5 at vi f\u00e5r mye av i \u00e5r.<\/p>\n<p>Mye av planleggingen for h\u00f8ysesongen\u00a0 er i gang og vil jo si vi pr dags dato er i rute. Vi gleder oss masse til mange nye flotte turer igjennom dette \u00e5ret ogs\u00e5, samt at det er mye spennende som skjer.<\/p>\n<p>Vi venter to f\u00f8ll denne sesongen, samt at vi bedekker iallfall to nye hopper igjen denne sesongen.<\/p>\n<p>Bli med oss p\u00e5 tur da vell!<\/p>\n<p><strong><span style=\"color: #ff0000\"><a style=\"color: #ff0000\" href=\"https:\/\/visitbo.no\/turridning\/bookridetur\/\">Book deg inn her:\u00a0<\/a><\/span><\/strong><\/p>\n","protected":false},"excerpt":{"rendered":"<p>Tenk at n\u00e5 er det allerede januar over, er ikke mange mnd. til h\u00f8ysesong igjen hos oss. Vinteren enn s\u00e5 lenge har v\u00e6rt s\u00e5 langt varmt og kulde perioder er jeg ikke helt sikker p\u00e5 at vi f\u00e5r mye av i \u00e5r. Mye av planleggingen for h\u00f8ysesongen\u00a0 er i gang og vil jo si vi pr dags dato er i &#8230; <\/p>\n<div><a href=\"https:\/\/visitbo.no\/turridning\/tiden-gar-alt-for-fort\/\" class=\"more-link\">Read More<\/a><\/div>\n","protected":false},"author":49,"featured_media":9870,"comment_status":"closed","ping_status":"closed","sticky":false,"template":"","format":"standard","meta":{"_relevanssi_hide_post":"","_relevanssi_hide_content":"","_relevanssi_pin_for_all":"","_relevanssi_pin_keywords":"","_relevanssi_unpin_keywords":"","_relevanssi_related_keywords":"","_relevanssi_related_include_ids":"","_relevanssi_related_exclude_ids":"","_relevanssi_related_no_append":"","_relevanssi_related_not_related":"","_relevanssi_related_posts":"","_relevanssi_noindex_reason":"","footnotes":""},"categories":[8],"tags":[],"class_list":["post-9915","post","type-post","status-publish","format-standard","has-post-thumbnail","hentry","category-nyheter"],"yoast_head":"<!-- This site is optimized with the Yoast SEO plugin v27.2 - https:\/\/yoast.com\/product\/yoast-seo-wordpress\/ -->\n<title>Tiden g\u00e5r alt for fort. - B\u00f8 og Lifjell Turridning<\/title>\n<meta name=\"robots\" content=\"index, follow, max-snippet:-1, max-image-preview:large, max-video-preview:-1\" \/>\n<link rel=\"canonical\" href=\"https:\/\/visitbo.no\/turridning\/tiden-gar-alt-for-fort\/\" \/>\n<meta property=\"og:locale\" content=\"nb_NO\" \/>\n<meta property=\"og:type\" content=\"article\" \/>\n<meta property=\"og:title\" content=\"Tiden g\u00e5r alt for fort. - B\u00f8 og Lifjell Turridning\" \/>\n<meta property=\"og:description\" content=\"Tenk at n\u00e5 er det allerede januar over, er ikke mange mnd. til h\u00f8ysesong igjen hos oss. Vinteren enn s\u00e5 lenge har v\u00e6rt s\u00e5 langt varmt og kulde perioder er jeg ikke helt sikker p\u00e5 at vi f\u00e5r mye av i \u00e5r. Mye av planleggingen for h\u00f8ysesongen\u00a0 er i gang og vil jo si vi pr dags dato er i ... Read More\" \/>\n<meta property=\"og:url\" content=\"https:\/\/visitbo.no\/turridning\/tiden-gar-alt-for-fort\/\" \/>\n<meta property=\"og:site_name\" content=\"B\u00f8 og Lifjell Turridning\" \/>\n<meta property=\"article:published_time\" content=\"2025-01-28T17:38:48+00:00\" \/>\n<meta property=\"og:image\" content=\"https:\/\/visitbo.no\/turridning\/wp-content\/uploads\/sites\/36\/2024\/12\/DSC_7148.jpg\" \/>\n\t<meta property=\"og:image:width\" content=\"1024\" \/>\n\t<meta property=\"og:image:height\" content=\"682\" \/>\n\t<meta property=\"og:image:type\" content=\"image\/jpeg\" \/>\n<meta name=\"author\" content=\"turridning\" \/>\n<meta name=\"twitter:card\" content=\"summary_large_image\" \/>\n<meta name=\"twitter:label1\" content=\"Skrevet av\" \/>\n\t<meta name=\"twitter:data1\" content=\"turridning\" \/>\n\t<meta name=\"twitter:label2\" content=\"Ansl. lesetid\" \/>\n\t<meta name=\"twitter:data2\" content=\"1 minutt\" \/>\n<script type=\"application\/ld+json\" class=\"yoast-schema-graph\">{\"@context\":\"https:\/\/schema.org\",\"@graph\":[{\"@type\":\"Article\",\"@id\":\"https:\/\/visitbo.no\/turridning\/tiden-gar-alt-for-fort\/#article\",\"isPartOf\":{\"@id\":\"https:\/\/visitbo.no\/turridning\/tiden-gar-alt-for-fort\/\"},\"author\":{\"name\":\"turridning\",\"@id\":\"https:\/\/visitbo.no\/turridning\/#\/schema\/person\/727ca538a514af37d9d03e5f087621b1\"},\"headline\":\"Tiden g\u00e5r alt for fort.\",\"datePublished\":\"2025-01-28T17:38:48+00:00\",\"mainEntityOfPage\":{\"@id\":\"https:\/\/visitbo.no\/turridning\/tiden-gar-alt-for-fort\/\"},\"wordCount\":121,\"image\":{\"@id\":\"https:\/\/visitbo.no\/turridning\/tiden-gar-alt-for-fort\/#primaryimage\"},\"thumbnailUrl\":\"https:\/\/visitbo.no\/turridning\/wp-content\/uploads\/sites\/36\/2024\/12\/DSC_7148.jpg\",\"articleSection\":[\"Nyheter\"],\"inLanguage\":\"nb-NO\"},{\"@type\":\"WebPage\",\"@id\":\"https:\/\/visitbo.no\/turridning\/tiden-gar-alt-for-fort\/\",\"url\":\"https:\/\/visitbo.no\/turridning\/tiden-gar-alt-for-fort\/\",\"name\":\"Tiden g\u00e5r alt for fort. - B\u00f8 og Lifjell Turridning\",\"isPartOf\":{\"@id\":\"https:\/\/visitbo.no\/turridning\/#website\"},\"primaryImageOfPage\":{\"@id\":\"https:\/\/visitbo.no\/turridning\/tiden-gar-alt-for-fort\/#primaryimage\"},\"image\":{\"@id\":\"https:\/\/visitbo.no\/turridning\/tiden-gar-alt-for-fort\/#primaryimage\"},\"thumbnailUrl\":\"https:\/\/visitbo.no\/turridning\/wp-content\/uploads\/sites\/36\/2024\/12\/DSC_7148.jpg\",\"datePublished\":\"2025-01-28T17:38:48+00:00\",\"author\":{\"@id\":\"https:\/\/visitbo.no\/turridning\/#\/schema\/person\/727ca538a514af37d9d03e5f087621b1\"},\"breadcrumb\":{\"@id\":\"https:\/\/visitbo.no\/turridning\/tiden-gar-alt-for-fort\/#breadcrumb\"},\"inLanguage\":\"nb-NO\",\"potentialAction\":[{\"@type\":\"ReadAction\",\"target\":[\"https:\/\/visitbo.no\/turridning\/tiden-gar-alt-for-fort\/\"]}]},{\"@type\":\"ImageObject\",\"inLanguage\":\"nb-NO\",\"@id\":\"https:\/\/visitbo.no\/turridning\/tiden-gar-alt-for-fort\/#primaryimage\",\"url\":\"https:\/\/visitbo.no\/turridning\/wp-content\/uploads\/sites\/36\/2024\/12\/DSC_7148.jpg\",\"contentUrl\":\"https:\/\/visitbo.no\/turridning\/wp-content\/uploads\/sites\/36\/2024\/12\/DSC_7148.jpg\",\"width\":1024,\"height\":682,\"caption\":\"Hest og rytter p\u00e5 tur.\"},{\"@type\":\"BreadcrumbList\",\"@id\":\"https:\/\/visitbo.no\/turridning\/tiden-gar-alt-for-fort\/#breadcrumb\",\"itemListElement\":[{\"@type\":\"ListItem\",\"position\":1,\"name\":\"Hjem\",\"item\":\"https:\/\/visitbo.no\/turridning\/\"},{\"@type\":\"ListItem\",\"position\":2,\"name\":\"Nyheter\",\"item\":\"https:\/\/visitbo.no\/turridning\/blog\/aktuelt\/nyheter\/\"},{\"@type\":\"ListItem\",\"position\":3,\"name\":\"Tiden g\u00e5r alt for fort.\"}]},{\"@type\":\"WebSite\",\"@id\":\"https:\/\/visitbo.no\/turridning\/#website\",\"url\":\"https:\/\/visitbo.no\/turridning\/\",\"name\":\"B\u00f8 og Lifjell Turridning\",\"description\":\"One online experience - for everything your destination has to offer.\",\"potentialAction\":[{\"@type\":\"SearchAction\",\"target\":{\"@type\":\"EntryPoint\",\"urlTemplate\":\"https:\/\/visitbo.no\/turridning\/?s={search_term_string}\"},\"query-input\":{\"@type\":\"PropertyValueSpecification\",\"valueRequired\":true,\"valueName\":\"search_term_string\"}}],\"inLanguage\":\"nb-NO\"},{\"@type\":\"Person\",\"@id\":\"https:\/\/visitbo.no\/turridning\/#\/schema\/person\/727ca538a514af37d9d03e5f087621b1\",\"name\":\"turridning\",\"image\":{\"@type\":\"ImageObject\",\"inLanguage\":\"nb-NO\",\"@id\":\"https:\/\/secure.gravatar.com\/avatar\/e1dfbdd6f00c62daa908a2ad139800e5715375c6799af71a2df6b6cc56989799?s=96&d=mm&r=g\",\"url\":\"https:\/\/secure.gravatar.com\/avatar\/e1dfbdd6f00c62daa908a2ad139800e5715375c6799af71a2df6b6cc56989799?s=96&d=mm&r=g\",\"contentUrl\":\"https:\/\/secure.gravatar.com\/avatar\/e1dfbdd6f00c62daa908a2ad139800e5715375c6799af71a2df6b6cc56989799?s=96&d=mm&r=g\",\"caption\":\"turridning\"},\"url\":\"https:\/\/visitbo.no\/turridning\/author\/turridning\/\"}]}<\/script>\n<!-- \/ Yoast SEO plugin. -->","yoast_head_json":{"title":"Tiden g\u00e5r alt for fort. - B\u00f8 og Lifjell Turridning","robots":{"index":"index","follow":"follow","max-snippet":"max-snippet:-1","max-image-preview":"max-image-preview:large","max-video-preview":"max-video-preview:-1"},"canonical":"https:\/\/visitbo.no\/turridning\/tiden-gar-alt-for-fort\/","og_locale":"nb_NO","og_type":"article","og_title":"Tiden g\u00e5r alt for fort. - B\u00f8 og Lifjell Turridning","og_description":"Tenk at n\u00e5 er det allerede januar over, er ikke mange mnd. til h\u00f8ysesong igjen hos oss. Vinteren enn s\u00e5 lenge har v\u00e6rt s\u00e5 langt varmt og kulde perioder er jeg ikke helt sikker p\u00e5 at vi f\u00e5r mye av i \u00e5r. Mye av planleggingen for h\u00f8ysesongen\u00a0 er i gang og vil jo si vi pr dags dato er i ... Read More","og_url":"https:\/\/visitbo.no\/turridning\/tiden-gar-alt-for-fort\/","og_site_name":"B\u00f8 og Lifjell Turridning","article_published_time":"2025-01-28T17:38:48+00:00","og_image":[{"width":1024,"height":682,"url":"https:\/\/visitbo.no\/turridning\/wp-content\/uploads\/sites\/36\/2024\/12\/DSC_7148.jpg","type":"image\/jpeg"}],"author":"turridning","twitter_card":"summary_large_image","twitter_misc":{"Skrevet av":"turridning","Ansl. lesetid":"1 minutt"},"schema":{"@context":"https:\/\/schema.org","@graph":[{"@type":"Article","@id":"https:\/\/visitbo.no\/turridning\/tiden-gar-alt-for-fort\/#article","isPartOf":{"@id":"https:\/\/visitbo.no\/turridning\/tiden-gar-alt-for-fort\/"},"author":{"name":"turridning","@id":"https:\/\/visitbo.no\/turridning\/#\/schema\/person\/727ca538a514af37d9d03e5f087621b1"},"headline":"Tiden g\u00e5r alt for fort.","datePublished":"2025-01-28T17:38:48+00:00","mainEntityOfPage":{"@id":"https:\/\/visitbo.no\/turridning\/tiden-gar-alt-for-fort\/"},"wordCount":121,"image":{"@id":"https:\/\/visitbo.no\/turridning\/tiden-gar-alt-for-fort\/#primaryimage"},"thumbnailUrl":"https:\/\/visitbo.no\/turridning\/wp-content\/uploads\/sites\/36\/2024\/12\/DSC_7148.jpg","articleSection":["Nyheter"],"inLanguage":"nb-NO"},{"@type":"WebPage","@id":"https:\/\/visitbo.no\/turridning\/tiden-gar-alt-for-fort\/","url":"https:\/\/visitbo.no\/turridning\/tiden-gar-alt-for-fort\/","name":"Tiden g\u00e5r alt for fort. - B\u00f8 og Lifjell Turridning","isPartOf":{"@id":"https:\/\/visitbo.no\/turridning\/#website"},"primaryImageOfPage":{"@id":"https:\/\/visitbo.no\/turridning\/tiden-gar-alt-for-fort\/#primaryimage"},"image":{"@id":"https:\/\/visitbo.no\/turridning\/tiden-gar-alt-for-fort\/#primaryimage"},"thumbnailUrl":"https:\/\/visitbo.no\/turridning\/wp-content\/uploads\/sites\/36\/2024\/12\/DSC_7148.jpg","datePublished":"2025-01-28T17:38:48+00:00","author":{"@id":"https:\/\/visitbo.no\/turridning\/#\/schema\/person\/727ca538a514af37d9d03e5f087621b1"},"breadcrumb":{"@id":"https:\/\/visitbo.no\/turridning\/tiden-gar-alt-for-fort\/#breadcrumb"},"inLanguage":"nb-NO","potentialAction":[{"@type":"ReadAction","target":["https:\/\/visitbo.no\/turridning\/tiden-gar-alt-for-fort\/"]}]},{"@type":"ImageObject","inLanguage":"nb-NO","@id":"https:\/\/visitbo.no\/turridning\/tiden-gar-alt-for-fort\/#primaryimage","url":"https:\/\/visitbo.no\/turridning\/wp-content\/uploads\/sites\/36\/2024\/12\/DSC_7148.jpg","contentUrl":"https:\/\/visitbo.no\/turridning\/wp-content\/uploads\/sites\/36\/2024\/12\/DSC_7148.jpg","width":1024,"height":682,"caption":"Hest og rytter p\u00e5 tur."},{"@type":"BreadcrumbList","@id":"https:\/\/visitbo.no\/turridning\/tiden-gar-alt-for-fort\/#breadcrumb","itemListElement":[{"@type":"ListItem","position":1,"name":"Hjem","item":"https:\/\/visitbo.no\/turridning\/"},{"@type":"ListItem","position":2,"name":"Nyheter","item":"https:\/\/visitbo.no\/turridning\/blog\/aktuelt\/nyheter\/"},{"@type":"ListItem","position":3,"name":"Tiden g\u00e5r alt for fort."}]},{"@type":"WebSite","@id":"https:\/\/visitbo.no\/turridning\/#website","url":"https:\/\/visitbo.no\/turridning\/","name":"B\u00f8 og Lifjell Turridning","description":"One online experience - for everything your destination has to offer.","potentialAction":[{"@type":"SearchAction","target":{"@type":"EntryPoint","urlTemplate":"https:\/\/visitbo.no\/turridning\/?s={search_term_string}"},"query-input":{"@type":"PropertyValueSpecification","valueRequired":true,"valueName":"search_term_string"}}],"inLanguage":"nb-NO"},{"@type":"Person","@id":"https:\/\/visitbo.no\/turridning\/#\/schema\/person\/727ca538a514af37d9d03e5f087621b1","name":"turridning","image":{"@type":"ImageObject","inLanguage":"nb-NO","@id":"https:\/\/secure.gravatar.com\/avatar\/e1dfbdd6f00c62daa908a2ad139800e5715375c6799af71a2df6b6cc56989799?s=96&d=mm&r=g","url":"https:\/\/secure.gravatar.com\/avatar\/e1dfbdd6f00c62daa908a2ad139800e5715375c6799af71a2df6b6cc56989799?s=96&d=mm&r=g","contentUrl":"https:\/\/secure.gravatar.com\/avatar\/e1dfbdd6f00c62daa908a2ad139800e5715375c6799af71a2df6b6cc56989799?s=96&d=mm&r=g","caption":"turridning"},"url":"https:\/\/visitbo.no\/turridning\/author\/turridning\/"}]}},"_links":{"self":[{"href":"https:\/\/visitbo.no\/turridning\/wp-json\/wp\/v2\/posts\/9915","targetHints":{"allow":["GET"]}}],"collection":[{"href":"https:\/\/visitbo.no\/turridning\/wp-json\/wp\/v2\/posts"}],"about":[{"href":"https:\/\/visitbo.no\/turridning\/wp-json\/wp\/v2\/types\/post"}],"author":[{"embeddable":true,"href":"https:\/\/visitbo.no\/turridning\/wp-json\/wp\/v2\/users\/49"}],"replies":[{"embeddable":true,"href":"https:\/\/visitbo.no\/turridning\/wp-json\/wp\/v2\/comments?post=9915"}],"version-history":[{"count":1,"href":"https:\/\/visitbo.no\/turridning\/wp-json\/wp\/v2\/posts\/9915\/revisions"}],"predecessor-version":[{"id":9916,"href":"https:\/\/visitbo.no\/turridning\/wp-json\/wp\/v2\/posts\/9915\/revisions\/9916"}],"wp:featuredmedia":[{"embeddable":true,"href":"https:\/\/visitbo.no\/turridning\/wp-json\/wp\/v2\/media\/9870"}],"wp:attachment":[{"href":"https:\/\/visitbo.no\/turridning\/wp-json\/wp\/v2\/media?parent=9915"}],"wp:term":[{"taxonomy":"category","embeddable":true,"href":"https:\/\/visitbo.no\/turridning\/wp-json\/wp\/v2\/categories?post=9915"},{"taxonomy":"post_tag","embeddable":true,"href":"https:\/\/visitbo.no\/turridning\/wp-json\/wp\/v2\/tags?post=9915"}],"curies":[{"name":"wp","href":"https:\/\/api.w.org\/{rel}","templated":true}]}}